{"id":1559,"date":"2010-06-04T10:15:53","date_gmt":"2010-06-04T09:15:53","guid":{"rendered":"http:\/\/javiermanzano.es\/?p=1559"},"modified":"2010-06-04T10:16:10","modified_gmt":"2010-06-04T09:16:10","slug":"recortables","status":"publish","type":"post","link":"https:\/\/javiermanzano.es\/?p=1559","title":{"rendered":"Recortables"},"content":{"rendered":"<p><span class=\"frame-outer  alignleft size-medium wp-image-1560\"><span><span><span><span><a href=\"https:\/\/javiermanzano.es\/wp-content\/uploads\/2010\/06\/recortable-del-circo.jpg\"><img loading=\"lazy\" decoding=\"async\" class=\"alignleft size-medium wp-image-1560\" title=\"recortable-del-circo\" src=\"https:\/\/javiermanzano.es\/wp-content\/uploads\/2010\/06\/recortable-del-circo-300x233.jpg\" alt=\"recortable-del-circo\" width=\"300\" height=\"233\" srcset=\"https:\/\/javiermanzano.es\/wp-content\/uploads\/2010\/06\/recortable-del-circo-300x233.jpg 300w, https:\/\/javiermanzano.es\/wp-content\/uploads\/2010\/06\/recortable-del-circo.jpg 550w\" sizes=\"auto, (max-width: 300px) 100vw, 300px\" \/><\/a><\/span><\/span><\/span><\/span><\/span>\u00daltimas noticias desde <em>Crisislandia<\/em>: \u00abreunido en sesi\u00f3n permanente el consejo supremo de ajustadores y recortadores, sus voceros hacen saber que se ultima un nuevo \u00abesto es lo que hay y no hay m\u00e1s\u00bb con el que se adoptan nuevas medidas contundentes y urgentes de efectos ya se ver\u00e1 si definitivos o como hasta ahora de para este ratito s\u00ed pero para el que viene posiblemente no porque envejecen a una velocidad superior a la que tarda (o tardaba) un chaval en devorarse una chuche. Este es un avance de esas medidas, med en lo sucesivo por cuesti\u00f3n de ahorro:<\/p>\n<p>-se acab\u00f3 lo de saludar con buenos d\u00edas, buenas tardes, o buenas noches. A partir de ese momento, y hasta nueva reconsideraci\u00f3n que puede ser dentro de un momento, los saludos se limitar\u00e1n a un \u00abbuenas\u00bb. Se aconseja no obstante que se vaya ensayando con el \u00abei\u00bb, y, a m\u00e1s a m\u00e1s (mejor dicho a menos a menos)\u00a0se empiece a probar un gesto mentonil en\u00e9rgico y r\u00e1pido hacia arriba.<\/p>\n<p>-se acabaron los libros gordos entendiendo por libros gordos los de m\u00e1s de 100 p\u00e1ginas. Se recomienda apretar much\u00edsimo la letra y los renglones en el caso de no poder ce\u00f1irse a la med(ida) impuesta con la advertencia de que\u00a0quien lo incumpla ser\u00e1 condenado a no poder publicar m\u00e1s que folletos en cuartillas y a una sola cara.<\/p>\n<p>-se acabaron los ced\u00e9s o discos de m\u00e1s de 6 canciones. Quien no pueda hacerlo deber\u00e1 editar sus trabajos musicales a modo de coleccionables por no fasc\u00edculos sino piecitas o coplillas. Las 6 canciones de tope m\u00e1ximo, adem\u00e1s, no podr\u00e1n superar los dos minutos de duraci\u00f3n, estipul\u00e1ndose que en el caso de no poder ce\u00f1irse a ese tiempo se corten a cap\u00f3n o se troceen al punto de que si el tema es largo se dividir\u00e1 en \u00abcan 1\u00bb &#8211; \u00abci 2\u00bb &#8211; \u00ab\u00f3n 3\u00bb.<\/p>\n<p>-se acabaron los men\u00fas de primer plato, segundo plato y postre. A partir de la entrada en vigor de este \u00abesto es lo que hay y no hay m\u00e1s\u00bb (que ser\u00e1 inmediata para ajustar y recortar el tiempo, que no los tiempos que lleva m\u00e1s letras) los men\u00fas ser\u00e1n de un s\u00f3lo plato en el que todo estar\u00e1 amontonado CON un l\u00edmite m\u00e1ximo de altura. Se aconseja as\u00ed mismo que\u00a0el susodicho plato \u00fanico se sirva ya regado con el vino, la casera, el caf\u00e9 y el chupito.<\/p>\n<p>-se acabaron los pitillos tal y como los hemos conocido hasta ahora. Desde este momento la dimensi\u00f3n de los trujas se medir\u00e1 en calaitas no pudiendo en ning\u00fan caso exceder de seis, quedando al libre albedr\u00edo de fabricantes o liadores incluir boquilla o no. Paralelamente quedan radicalmente prohibidos los puros determin\u00e1ndose en su lugar y como sustitutivo bolitas masticables de tabaco de puro autoriz\u00e1ndose que la vitola se use como envoltorio.<\/p>\n<p>-se acabaron las ca\u00f1as y las copas de vino (de refrescos y cubatas se ultima la normativa). A partir de ya (y cuando es ya es ya, no andemos mareando la perdiz que gastamos tiempo) s\u00f3lo se dispensar\u00e1n cortitos y chatos, regul\u00e1ndose as\u00ed mismo que las tapas o aperitivos de acompa\u00f1amiento se limiten a un panchito, una almendra, una patatilla, o, en el mejor de los casos un berberecho o una gambita (m\u00e1s exactamente un camar\u00f3n o quisquilla), teniendo muy claro so pena de grav\u00edsima sanci\u00f3n que cuando se dice UNO\/A se dice UNO\/A (por cuesti\u00f3n de ahorro se dejar\u00e1 en el gen\u00e9rico UN).<\/p>\n<p>Por el momento aqu\u00ed lo dejamos ante el riesgo de cabreo may\u00fasculo y generalizado, actitudes impropias porque en ellas se pierde tiempo y energ\u00eda con lo que este consejo se ver\u00eda en la obligaci\u00f3n de tambi\u00e9n ah\u00ed imponer dr\u00e1sticos recortes\u00bb.<\/p>\n<p>Est\u00e1 claro que todo es recortable y todos somos recortables&#8230;: \u00a1as\u00ed ser\u00e1! Ahora que lo que s\u00ed es un boquete negro negr\u00edsimo de pena negra negr\u00edsima es lo de los recortes salariales. Un ejemplo y una pregunta. Primero el ejemplo: a los funcionarios se les mete tijera y as\u00ed ser\u00e1n jibarizados los salarios de m\u00e9dicos, enfermeros, maestros,\u00a0policias y guardias civiles,\u00a0y un muy largo etc\u00e9tera del que curiosamente est\u00e1n excluidos los trabajadores de Renfe, Aena o Adif. \u00bfPor qu\u00e9? \u00bfOtra errata? \u00bfNueva rectificaci\u00f3n a la vista?&#8230;\u00a0En cuanto a la pregunta, adem\u00e1s de estas que acabas de\u00a0leer: \u00bfel ajuste no llega a los partidos pol\u00edticos? \u00bfalguno de ellos ha anunciado que rebajan sueldos y reducen gastos? Charolito no recuerda haberlo escuchado pero sobre todo no recuerda Charolito que alg\u00fan periodista lo preguntase. Claro que &#8230; la memoria de Charolito est\u00e1 sometida tambi\u00e9n al ajuste y al recorte. Ella, como todo, o como casi todo, tambi\u00e9n es recortable.<\/p>\n<p>A cuidarse!!!<\/p>\n<p>\u00a0<\/p>\n<audio class=\"wp-audio-shortcode\" id=\"audio-1559-1\" preload=\"none\" style=\"width: 100%;\" controls=\"controls\"><source type=\"audio\/mpeg\" src=\"https:\/\/javiermanzano.es\/wp-content\/uploads\/2010\/06\/panteon-rococo-la-carencia.mp3?_=1\" \/><a href=\"https:\/\/javiermanzano.es\/wp-content\/uploads\/2010\/06\/panteon-rococo-la-carencia.mp3\">https:\/\/javiermanzano.es\/wp-content\/uploads\/2010\/06\/panteon-rococo-la-carencia.mp3<\/a><\/audio>\n<audio class=\"wp-audio-shortcode\" id=\"audio-1559-2\" preload=\"none\" style=\"width: 100%;\" controls=\"controls\"><source type=\"audio\/mpeg\" src=\"https:\/\/javiermanzano.es\/wp-content\/uploads\/2010\/06\/panteon-rococo-la-carencia.mp3?_=2\" \/><a href=\"https:\/\/javiermanzano.es\/wp-content\/uploads\/2010\/06\/panteon-rococo-la-carencia.mp3\">https:\/\/javiermanzano.es\/wp-content\/uploads\/2010\/06\/panteon-rococo-la-carencia.mp3<\/a><\/audio>\n<audio class=\"wp-audio-shortcode\" id=\"audio-1559-3\" preload=\"none\" style=\"width: 100%;\" controls=\"controls\"><source type=\"audio\/mpeg\" src=\"https:\/\/javiermanzano.es\/wp-content\/uploads\/2010\/06\/panteon-rococo-la-carencia.mp3?_=3\" \/><a href=\"https:\/\/javiermanzano.es\/wp-content\/uploads\/2010\/06\/panteon-rococo-la-carencia.mp3\">https:\/\/javiermanzano.es\/wp-content\/uploads\/2010\/06\/panteon-rococo-la-carencia.mp3<\/a><\/audio>\n<audio class=\"wp-audio-shortcode\" id=\"audio-1559-4\" preload=\"none\" style=\"width: 100%;\" controls=\"controls\"><source type=\"audio\/mpeg\" src=\"https:\/\/javiermanzano.es\/wp-content\/uploads\/2010\/06\/panteon-rococo-la-carencia.mp3?_=4\" \/><a href=\"https:\/\/javiermanzano.es\/wp-content\/uploads\/2010\/06\/panteon-rococo-la-carencia.mp3\">https:\/\/javiermanzano.es\/wp-content\/uploads\/2010\/06\/panteon-rococo-la-carencia.mp3<\/a><\/audio>\n","protected":false},"excerpt":{"rendered":"<p>\u00daltimas noticias desde Crisislandia: \u00abreunido en sesi\u00f3n permanente el consejo supremo de ajustadores y recortadores, sus voceros hacen saber que se ultima un nuevo \u00abesto es lo que hay y no hay m\u00e1s\u00bb con el que se adoptan nuevas medidas contundentes y urgentes de efectos ya se ver\u00e1 si definitivos o como hasta ahora de [&hellip;]<\/p>\n","protected":false},"author":3,"featured_media":0,"comment_status":"open","ping_status":"open","sticky":false,"template":"","format":"standard","meta":{"footnotes":""},"categories":[1],"tags":[402,97,400,312,401],"class_list":["post-1559","post","type-post","status-publish","format-standard","hentry","category-politica","tag-ajustes","tag-crisis-economica","tag-funcionarios","tag-recortes","tag-salarios"],"aioseo_notices":[],"_links":{"self":[{"href":"https:\/\/javiermanzano.es\/index.php?rest_route=\/wp\/v2\/posts\/1559","targetHints":{"allow":["GET"]}}],"collection":[{"href":"https:\/\/javiermanzano.es\/index.php?rest_route=\/wp\/v2\/posts"}],"about":[{"href":"https:\/\/javiermanzano.es\/index.php?rest_route=\/wp\/v2\/types\/post"}],"author":[{"embeddable":true,"href":"https:\/\/javiermanzano.es\/index.php?rest_route=\/wp\/v2\/users\/3"}],"replies":[{"embeddable":true,"href":"https:\/\/javiermanzano.es\/index.php?rest_route=%2Fwp%2Fv2%2Fcomments&post=1559"}],"version-history":[{"count":3,"href":"https:\/\/javiermanzano.es\/index.php?rest_route=\/wp\/v2\/posts\/1559\/revisions"}],"predecessor-version":[{"id":1567,"href":"https:\/\/javiermanzano.es\/index.php?rest_route=\/wp\/v2\/posts\/1559\/revisions\/1567"}],"wp:attachment":[{"href":"https:\/\/javiermanzano.es\/index.php?rest_route=%2Fwp%2Fv2%2Fmedia&parent=1559"}],"wp:term":[{"taxonomy":"category","embeddable":true,"href":"https:\/\/javiermanzano.es\/index.php?rest_route=%2Fwp%2Fv2%2Fcategories&post=1559"},{"taxonomy":"post_tag","embeddable":true,"href":"https:\/\/javiermanzano.es\/index.php?rest_route=%2Fwp%2Fv2%2Ftags&post=1559"}],"curies":[{"name":"wp","href":"https:\/\/api.w.org\/{rel}","templated":true}]}}