{"id":1457,"date":"2010-05-12T08:12:47","date_gmt":"2010-05-12T07:12:47","guid":{"rendered":"http:\/\/javiermanzano.es\/?p=1457"},"modified":"2010-05-12T17:01:18","modified_gmt":"2010-05-12T16:01:18","slug":"lo-que-tenemos-lo-que-somos","status":"publish","type":"post","link":"https:\/\/javiermanzano.es\/?p=1457","title":{"rendered":"Lo que tenemos, lo que somos"},"content":{"rendered":"<p><span class=\"frame-outer  alignright size-medium wp-image-1461\"><span><span><span><span><a href=\"https:\/\/javiermanzano.es\/wp-content\/uploads\/2010\/05\/el-roto-el-pais.gif\"><img loading=\"lazy\" decoding=\"async\" class=\"alignright size-medium wp-image-1461\" title=\"el-roto-el-pais\" src=\"https:\/\/javiermanzano.es\/wp-content\/uploads\/2010\/05\/el-roto-el-pais-254x300.gif\" alt=\"el-roto-el-pais\" width=\"254\" height=\"300\" srcset=\"https:\/\/javiermanzano.es\/wp-content\/uploads\/2010\/05\/el-roto-el-pais-254x300.gif 254w, https:\/\/javiermanzano.es\/wp-content\/uploads\/2010\/05\/el-roto-el-pais.gif 525w\" sizes=\"auto, (max-width: 254px) 100vw, 254px\" \/><\/a><\/span><\/span><\/span><\/span><\/span><\/p>\n<p>\u00a0<\/p>\n<p>Corre que te corre me voy al cerrajero a que me haga un enorme candado para ponerme donde antes iba la correa porque en el cintur\u00f3n ya no pueden hacerse m\u00e1s <em>bujeros<\/em>&#8230; Luego despu\u00e9s, para compensar, lo mismo me\u00a0acerco a ver al sastre de \u00ab<em>paquito el valensi\u00e1\u00bb<\/em> a ver si me puede hacer unos trajes por la patilla con los que pueda camuflar desde al candado al <em>\u00abmelolleveison por la cara y a vosotros que sus den\u00bb<\/em>.<\/p>\n<p>\u00a0Eso s\u00ed, a lo uno y a lo otro voy extremadamente feliz porque\u00a0Gallard\u00f3n que me ha dicho que gracias a la pasta del gobierno central podr\u00e9 mojarme los pinreles en ese Manzanares que ha brotado sobre la E-30. Adem\u00e1s, y\u00a0no contento con ese anuncio, el <em>querid\u00edsimo<\/em> alcalde me ha hecho saber tambi\u00e9n que puedo vacilar lo que me pete a los parisinos porque si ellos tienen la Torre Eiffel nosotros tenemos el anuncio de T\u00edo Pepe. \u00a1\u00a1Ea!!<\/p>\n<p>A cuidarse!!!<\/p>\n<p>\u00a0<\/p>\n\n\n\n","protected":false},"excerpt":{"rendered":"<p>\u00a0 Corre que te corre me voy al cerrajero a que me haga un enorme candado para ponerme donde antes iba la correa porque en el cintur\u00f3n ya no pueden hacerse m\u00e1s bujeros&#8230; Luego despu\u00e9s, para compensar, lo mismo me\u00a0acerco a ver al sastre de \u00abpaquito el valensi\u00e1\u00bb a ver si me puede hacer unos [&hellip;]<\/p>\n","protected":false},"author":3,"featured_media":0,"comment_status":"open","ping_status":"open","sticky":false,"template":"","format":"standard","meta":{"footnotes":""},"categories":[1],"tags":[398,16,97,311,71,156,397,396],"class_list":["post-1457","post","type-post","status-publish","format-standard","hentry","category-politica","tag-ajuste","tag-camps","tag-crisis-economica","tag-deficit","tag-gallardon","tag-gurtel","tag-m-30","tag-plan-e"],"aioseo_notices":[],"_links":{"self":[{"href":"https:\/\/javiermanzano.es\/index.php?rest_route=\/wp\/v2\/posts\/1457","targetHints":{"allow":["GET"]}}],"collection":[{"href":"https:\/\/javiermanzano.es\/index.php?rest_route=\/wp\/v2\/posts"}],"about":[{"href":"https:\/\/javiermanzano.es\/index.php?rest_route=\/wp\/v2\/types\/post"}],"author":[{"embeddable":true,"href":"https:\/\/javiermanzano.es\/index.php?rest_route=\/wp\/v2\/users\/3"}],"replies":[{"embeddable":true,"href":"https:\/\/javiermanzano.es\/index.php?rest_route=%2Fwp%2Fv2%2Fcomments&post=1457"}],"version-history":[{"count":5,"href":"https:\/\/javiermanzano.es\/index.php?rest_route=\/wp\/v2\/posts\/1457\/revisions"}],"predecessor-version":[{"id":1466,"href":"https:\/\/javiermanzano.es\/index.php?rest_route=\/wp\/v2\/posts\/1457\/revisions\/1466"}],"wp:attachment":[{"href":"https:\/\/javiermanzano.es\/index.php?rest_route=%2Fwp%2Fv2%2Fmedia&parent=1457"}],"wp:term":[{"taxonomy":"category","embeddable":true,"href":"https:\/\/javiermanzano.es\/index.php?rest_route=%2Fwp%2Fv2%2Fcategories&post=1457"},{"taxonomy":"post_tag","embeddable":true,"href":"https:\/\/javiermanzano.es\/index.php?rest_route=%2Fwp%2Fv2%2Ftags&post=1457"}],"curies":[{"name":"wp","href":"https:\/\/api.w.org\/{rel}","templated":true}]}}