{"id":1439,"date":"2010-05-07T11:43:48","date_gmt":"2010-05-07T10:43:48","guid":{"rendered":"http:\/\/javiermanzano.es\/?p=1439"},"modified":"2010-05-07T11:43:48","modified_gmt":"2010-05-07T10:43:48","slug":"la-politica-testicular-y-la-crisis","status":"publish","type":"post","link":"https:\/\/javiermanzano.es\/?p=1439","title":{"rendered":"La pol\u00edtica testicular (y la crisis)"},"content":{"rendered":"<p><span class=\"frame-outer  alignright size-medium wp-image-1442\"><span><span><span><span><a href=\"https:\/\/javiermanzano.es\/wp-content\/uploads\/2010\/05\/forges-el-pais1.jpg\"><img loading=\"lazy\" decoding=\"async\" class=\"alignright size-medium wp-image-1442\" title=\"forges-el-pais1\" src=\"https:\/\/javiermanzano.es\/wp-content\/uploads\/2010\/05\/forges-el-pais1-300x208.jpg\" alt=\"forges-el-pais1\" width=\"300\" height=\"208\" srcset=\"https:\/\/javiermanzano.es\/wp-content\/uploads\/2010\/05\/forges-el-pais1-300x208.jpg 300w, https:\/\/javiermanzano.es\/wp-content\/uploads\/2010\/05\/forges-el-pais1.jpg 620w\" sizes=\"auto, (max-width: 300px) 100vw, 300px\" \/><\/a><\/span><\/span><\/span><\/span><\/span>Como el que no se consuela es porque no quiere, ah\u00ed debe encajarse el testoster\u00f3nico viraje que algunos pol\u00edticos le est\u00e1n pegando \u00faltimamente al arte (o al desastre) de la pol\u00edtica: \u00ab\u00a1\u00a1ser\u00e1 por la crisis!!\u00bb. \u00c9sta es\u00a0sin duda la m\u00e1s c\u00f3moda explicaci\u00f3n (o disculpa) a los muy lamentables episodios con los que algunos tat\u00faan la cancer\u00edgena realidad que la (puta) crisis est\u00e1 <em>metastatizando<\/em> hasta la ignominia. De hecho, en sus rebabas se fragua el futuro a medio plazo que con gran punter\u00eda describe el inmenso Forges.<\/p>\n<p>Y apoyados ah\u00ed, y como el que no se consuela es porque no quiere, &#8230; es en esa enorme, profunda y ultracontaminante ci\u00e9naga donde habr\u00eda que tratar de buscar el (sin) sentido de esos episodios pol\u00edticos titulados \u00abpor cojones\u00bb o m\u00e1s exactamente \u00abpor mis cojones\u00bb. Nanin Rajoy lo acaba de perpetrar (con dos cojones) clamando que Camps (con sus trajes) ser\u00e1 el candidato del PP en Valencia \u00abdiga la justicia lo que quiera\u00bb. As\u00ed lo dice pero en realidad lo que quer\u00eda decir es que Camps (con sus trajes) ser\u00e1 candidato por cojones o m\u00e1s exactamente \u00abpor mis cojones\u00bb (los de Nanin) porque sus cojones (los de Nanin) est\u00e1n en serio peligro <em>gurPPeliano<\/em>:\u00a0los <em>gurPPelianos<\/em> le tienen cogido (a Nanin) por los cojones (los de Nanin), algo por cierto que ya <a href=\"https:\/\/javiermanzano.es\/?p=446\">aqu\u00ed<\/a> fue contado hace un tiempo.<\/p>\n<p>Muy edificante pues esa pol\u00edtica testicular que con tanto ah\u00ednco y tan repetidamente practican Nanin y sus huestes: el in-pacto educativo; la lucha contra la crisis con sus derivadas de reducci\u00f3n del d\u00e9ficit entre todos (tambi\u00e9n las CCAA donde gobiernan) o de pol\u00edticas activas de empleo que deber\u00edan llevarse a la pr\u00e1ctica entre todos (tambi\u00e9n las CCAA donde gobiernan porque son las CCAA las responsables de esas pol\u00edticas)&#8230; Dos ejemplos dos, hay m\u00e1s, sumamente ilustrativos de que no lo hacen por (sus) cojones.<\/p>\n<p>Tremendamente edificante y\u00a0muy enriquecedora esa forma de practicar la pol\u00edtica. Tambi\u00e9n contagiosa, extremadamente contagiosa como hemos redescubierto esta <a href=\"http:\/\/www.elpais.com\/articulo\/opinion\/Problemas\/casting\/elpepiopi\/20100507elpepiopi_3\/Tes\/\">misma semana<\/a> con la consumaci\u00f3n de desbarres hace muuuuucho tiempo descubiertos.<\/p>\n<p>En fin, que por fin es viernes (v\u00e1lganme los dioses benditos) y al tiempo que completo el precalentamiento para la romer\u00eda tabern\u00edcola voy a ver si como\u00a0el de la vi\u00f1eta de Forges\u00a0se me ocurre alguna cosa. \u00a1\u00a1Yo que t\u00fa me pon\u00eda en lo peor!!<\/p>\n<p>A cuidarse!!!<\/p>\n<p><em>PD: la discoteca de este\u00a0Foro hace un gui\u00f1ito hoy a mi buen amigo Rub\u00e9n con el que tant\u00edsimas ca\u00f1as tiene pendiente Charolito. Salud!!!<\/em><\/p>\n<p>\u00a0<\/p>\n\n\n\n","protected":false},"excerpt":{"rendered":"<p>Como el que no se consuela es porque no quiere, ah\u00ed debe encajarse el testoster\u00f3nico viraje que algunos pol\u00edticos le est\u00e1n pegando \u00faltimamente al arte (o al desastre) de la pol\u00edtica: \u00ab\u00a1\u00a1ser\u00e1 por la crisis!!\u00bb. \u00c9sta es\u00a0sin duda la m\u00e1s c\u00f3moda explicaci\u00f3n (o disculpa) a los muy lamentables episodios con los que algunos tat\u00faan la [&hellip;]<\/p>\n","protected":false},"author":3,"featured_media":0,"comment_status":"open","ping_status":"open","sticky":false,"template":"","format":"standard","meta":{"footnotes":""},"categories":[1],"tags":[16,97,156,395,394,54],"class_list":["post-1439","post","type-post","status-publish","format-standard","hentry","category-politica","tag-camps","tag-crisis-economica","tag-gurtel","tag-pacto-educativo","tag-psm","tag-rajoy"],"aioseo_notices":[],"_links":{"self":[{"href":"https:\/\/javiermanzano.es\/index.php?rest_route=\/wp\/v2\/posts\/1439","targetHints":{"allow":["GET"]}}],"collection":[{"href":"https:\/\/javiermanzano.es\/index.php?rest_route=\/wp\/v2\/posts"}],"about":[{"href":"https:\/\/javiermanzano.es\/index.php?rest_route=\/wp\/v2\/types\/post"}],"author":[{"embeddable":true,"href":"https:\/\/javiermanzano.es\/index.php?rest_route=\/wp\/v2\/users\/3"}],"replies":[{"embeddable":true,"href":"https:\/\/javiermanzano.es\/index.php?rest_route=%2Fwp%2Fv2%2Fcomments&post=1439"}],"version-history":[{"count":4,"href":"https:\/\/javiermanzano.es\/index.php?rest_route=\/wp\/v2\/posts\/1439\/revisions"}],"predecessor-version":[{"id":1447,"href":"https:\/\/javiermanzano.es\/index.php?rest_route=\/wp\/v2\/posts\/1439\/revisions\/1447"}],"wp:attachment":[{"href":"https:\/\/javiermanzano.es\/index.php?rest_route=%2Fwp%2Fv2%2Fmedia&parent=1439"}],"wp:term":[{"taxonomy":"category","embeddable":true,"href":"https:\/\/javiermanzano.es\/index.php?rest_route=%2Fwp%2Fv2%2Fcategories&post=1439"},{"taxonomy":"post_tag","embeddable":true,"href":"https:\/\/javiermanzano.es\/index.php?rest_route=%2Fwp%2Fv2%2Ftags&post=1439"}],"curies":[{"name":"wp","href":"https:\/\/api.w.org\/{rel}","templated":true}]}}