{"id":1419,"date":"2010-05-01T11:13:59","date_gmt":"2010-05-01T10:13:59","guid":{"rendered":"http:\/\/javiermanzano.es\/?p=1419"},"modified":"2010-05-01T11:14:16","modified_gmt":"2010-05-01T10:14:16","slug":"la-cuadratura-laboral","status":"publish","type":"post","link":"https:\/\/javiermanzano.es\/?p=1419","title":{"rendered":"La cuadratura laboral"},"content":{"rendered":"<p><span class=\"frame-outer  alignleft size-medium wp-image-1420\"><span><span><span><span><a href=\"https:\/\/javiermanzano.es\/wp-content\/uploads\/2010\/05\/forges-el-pais.jpg\"><img loading=\"lazy\" decoding=\"async\" class=\"alignleft size-medium wp-image-1420\" title=\"forges-el-pais\" src=\"https:\/\/javiermanzano.es\/wp-content\/uploads\/2010\/05\/forges-el-pais-300x210.jpg\" alt=\"forges-el-pais\" width=\"300\" height=\"210\" srcset=\"https:\/\/javiermanzano.es\/wp-content\/uploads\/2010\/05\/forges-el-pais-300x210.jpg 300w, https:\/\/javiermanzano.es\/wp-content\/uploads\/2010\/05\/forges-el-pais.jpg 620w\" sizes=\"auto, (max-width: 300px) 100vw, 300px\" \/><\/a><\/span><\/span><\/span><\/span><\/span>Primero de Mayo, D\u00eda del Trabajo&#8230; \u00a1qu\u00e9 sarcasmo! Deber\u00eda ser d\u00eda del paro o d\u00eda del parado, ser\u00eda lo m\u00e1s preciso que no lo m\u00e1s justo porque acabamos de saltar la barrera psicol\u00f3gica del 20% y esa indecencia tan inaceptable como impresentable se traduce en que la hedionda ci\u00e9naga de la crisis se ensancha y se ahonda, y que\u00a0los millones que en ella est\u00e1n se sienten tal que en un enorme barril de mierda con la mierda lleg\u00e1ndoles ya al labio superior y una enorme y afilada cuchilla pasando a ras cada bien poco obligando a sumergirsea fondo\u00a0en la mierda\u00a0pinz\u00e1ndose la nariz. As\u00ed una y otra vez con sistem\u00e1tica precisi\u00f3n, aunque con unos malditos y ag\u00f3nicos segundos para poder observar con sa\u00f1a el fren\u00e9tico frotar de manos de la cuadrilla de desalmados que con una mano manejan la cuchilla y con la otra teclean avariciosamente sus cajas registradoras.<\/p>\n<p>Primero de mayo, D\u00eda del \u00bfTrabajo?&#8230; En el horizonte, entre los hilillos de mierda que <em>persianean<\/em> la visi\u00f3n, se atisba la reforma laboral que se va a perpetrar y cuya catalogaci\u00f3n pivota entre la puntilla y el acabose. Lo que se perge\u00f1a, y lo que se va a inyectar a las bravas en la fam\u00e9lica clase trabajadora, es o ser\u00e1 la cuadratura laboral:\u00a0un imposible cincelado a martillazos empresariales con la aquiescencia de quienes jam\u00e1s deber\u00edan consentirlo y tolerarlo, lo digan<em> el obama<\/em> o <em>la merkel<\/em> y sus porqueros.\u00a0Y es que\u00a0semejante asalto a mano armada, cuyo\u00a0parte final dir\u00e1 \u00abcautivo y desarmado el ej\u00e9rcito obrero, las tropas empresariales han alcanzado sus \u00faltimos objetivos laborales. La cuadratura ha concluido\u00bb, supondr\u00e1 (s\u00ed o s\u00ed, menudos son estos) un abaratamiento del despido y un abaratamiento del salario pero NUNCA JAM\u00c1S un abaratamiento de los beneficios ni un abaratamiento del tiempo de curro sino todo lo contrario. Dicho de otra forma: menos pasta por despedir, menos pasta por currar, m\u00e1s pasta para el amo, y m\u00e1s curro para el currante. \u00a1Qu\u00e9 indecente! \u00bfQu\u00e9 ser\u00e1 lo pr\u00f3ximo, adem\u00e1s de puta la cama?<\/p>\n<p>Primero de Mayo, D\u00eda del Trabajo cuando el 20 % por ciento de los trabajadores, 1 de cada 5 que se dice pronto, no tiene trabajo, est\u00e1 parado. Primero de Mayo, D\u00eda del Trabajo, y en los peri\u00f3dicos noticias tan alentadoras como estas:<\/p>\n<p>-\u00abAlfredo S\u00e1enz, consejero delegado del Banco Santander, se jubilar\u00e1 con una pensi\u00f3n de 85,7 millones\u00bb, que hablando en dinero, que jode m\u00e1s, son\u00a0 14.259.28o.ooo de pesetas&#8230;, de pensi\u00f3n.<\/p>\n<p>-\u00abLa Caixa gana un 11,4% menos\u00bb, que le\u00eddo as\u00ed puede inducir a la pena pero que en realidad es una incitaci\u00f3n a la rebeli\u00f3n porque la tal caixa gan\u00f3 entre enero y marzo 502 millones, que hablando en dinero, que jode m\u00e1s, son 83.525.000.ooo de pesetas (28 mil millones de pesetas al mes, casi mil millones al d\u00eda).<\/p>\n<p>\u00a1Cu\u00e1nto animan esas noticias! \u00a1C\u00f3mo animan esas noticias! \u00a1Qu\u00e9 torrente de alegr\u00eda producen esas noticias a los 4,6 millones de parados, o a los 1,8 millones que llevan un a\u00f1o sin encontrar empleo! Pero que no se preocupen, que para ellos y para los dem\u00e1s se avecina una cuadratura laboral de no te menees.<\/p>\n<p>Primero de Mayo, d\u00eda \u00bfdel\u00a0trabajo o del paro?&#8230; Como le dec\u00eda a Charolito un buen amigo sindicalista, \u00absalud y revoluci\u00f3n\u00bb. \u00a1\u00a1\u00a1Pues a ver d\u00f3nde est\u00e1n!!!<\/p>\n<p>PD: qu\u00e9 lince tan astuto el que ide\u00f3 filtrar los datos del paro d\u00edas antes de cuando deber\u00edan hacerse p\u00fablicos, deber\u00eda llamarse <em>abundio<\/em>. Pens\u00f3 que superando el paro el 20%\u00a0 y siendo el viernes (ayer)\u00a0el d\u00eda oficial de hacer p\u00fablico el dato, eso ser\u00eda espolear las manifestaciones y ganarse un 1 de mayo de estruendo m\u00e1ximo . Por eso, sigui\u00f3 \u00bfpensando?, lo filtramos y para el d\u00eda de las manis habr\u00e1 gritos pero no estruendo. \u00a1\u00a1Eureka!!, gran acierto el de <em>abundio<\/em>: ha conseguido no uno sino\u00a0varios d\u00edas de estruendo y, adem\u00e1s, de encabronamiento exponencial. \u00a1\u00a1\u00a1Bravo, qu\u00e9 lince!!!<\/p>\n<p>\u00a0<\/p>\n<p>A cuidarse!!!\u00a0<\/p>\n<p>\u00a0<\/p>\n\n\n\n","protected":false},"excerpt":{"rendered":"<p>Primero de Mayo, D\u00eda del Trabajo&#8230; \u00a1qu\u00e9 sarcasmo! Deber\u00eda ser d\u00eda del paro o d\u00eda del parado, ser\u00eda lo m\u00e1s preciso que no lo m\u00e1s justo porque acabamos de saltar la barrera psicol\u00f3gica del 20% y esa indecencia tan inaceptable como impresentable se traduce en que la hedionda ci\u00e9naga de la crisis se ensancha y [&hellip;]<\/p>\n","protected":false},"author":3,"featured_media":0,"comment_status":"open","ping_status":"open","sticky":false,"template":"","format":"standard","meta":{"footnotes":""},"categories":[1],"tags":[390,393,392,56,81,339,391],"class_list":["post-1419","post","type-post","status-publish","format-standard","hentry","category-politica","tag-1-de-mayo","tag-banca","tag-empresarios","tag-paro","tag-reforma-laboral","tag-sindicatos","tag-trabajo"],"aioseo_notices":[],"_links":{"self":[{"href":"https:\/\/javiermanzano.es\/index.php?rest_route=\/wp\/v2\/posts\/1419","targetHints":{"allow":["GET"]}}],"collection":[{"href":"https:\/\/javiermanzano.es\/index.php?rest_route=\/wp\/v2\/posts"}],"about":[{"href":"https:\/\/javiermanzano.es\/index.php?rest_route=\/wp\/v2\/types\/post"}],"author":[{"embeddable":true,"href":"https:\/\/javiermanzano.es\/index.php?rest_route=\/wp\/v2\/users\/3"}],"replies":[{"embeddable":true,"href":"https:\/\/javiermanzano.es\/index.php?rest_route=%2Fwp%2Fv2%2Fcomments&post=1419"}],"version-history":[{"count":3,"href":"https:\/\/javiermanzano.es\/index.php?rest_route=\/wp\/v2\/posts\/1419\/revisions"}],"predecessor-version":[{"id":1426,"href":"https:\/\/javiermanzano.es\/index.php?rest_route=\/wp\/v2\/posts\/1419\/revisions\/1426"}],"wp:attachment":[{"href":"https:\/\/javiermanzano.es\/index.php?rest_route=%2Fwp%2Fv2%2Fmedia&parent=1419"}],"wp:term":[{"taxonomy":"category","embeddable":true,"href":"https:\/\/javiermanzano.es\/index.php?rest_route=%2Fwp%2Fv2%2Fcategories&post=1419"},{"taxonomy":"post_tag","embeddable":true,"href":"https:\/\/javiermanzano.es\/index.php?rest_route=%2Fwp%2Fv2%2Ftags&post=1419"}],"curies":[{"name":"wp","href":"https:\/\/api.w.org\/{rel}","templated":true}]}}