{"id":1403,"date":"2010-04-21T08:24:45","date_gmt":"2010-04-21T07:24:45","guid":{"rendered":"http:\/\/javiermanzano.es\/?p=1403"},"modified":"2010-04-21T08:24:56","modified_gmt":"2010-04-21T07:24:56","slug":"patente-de-corso","status":"publish","type":"post","link":"https:\/\/javiermanzano.es\/?p=1403","title":{"rendered":"Patente de corso"},"content":{"rendered":"<p><span class=\"frame-outer  alignright size-medium wp-image-1404\"><span><span><span><span><a href=\"https:\/\/javiermanzano.es\/wp-content\/uploads\/2010\/04\/agencia-efe1.jpg\"><img loading=\"lazy\" decoding=\"async\" class=\"alignright size-medium wp-image-1404\" title=\"agencia-efe1\" src=\"https:\/\/javiermanzano.es\/wp-content\/uploads\/2010\/04\/agencia-efe1-200x300.jpg\" alt=\"agencia-efe1\" width=\"200\" height=\"300\" srcset=\"https:\/\/javiermanzano.es\/wp-content\/uploads\/2010\/04\/agencia-efe1-200x300.jpg 200w, https:\/\/javiermanzano.es\/wp-content\/uploads\/2010\/04\/agencia-efe1.jpg 450w\" sizes=\"auto, (max-width: 200px) 100vw, 200px\" \/><\/a><\/span><\/span><\/span><\/span><\/span>No cabe en cabeza humana, siempre y cuando est\u00e9 sana, que nada de nada le pase a este se\u00f1or de la foto que no se llama Al\u00ed Bab\u00e1 pero podr\u00eda. Fue lo m\u00e1s y ya no lo es aunque lo sigue siendo, y ah\u00ed est\u00e1 precisamente el quid de la cuesti\u00f3n: \u00bfpor qu\u00e9 sigue pase\u00e1ndose tan pancho con la que ha liado y sigue liando?<\/p>\n<p>Sus andanzas (\u00bffechor\u00edas?) fueron adelantadas hace meses <a href=\"https:\/\/javiermanzano.es\/?p=430\">en este sitio<\/a> en el que ahora te encuentras, y desde entonces sus andanzas (\u00bffechor\u00edas?) no s\u00f3lo no han menguado sino que se ha multiplicado exponencialmente, y lo que rondar\u00e9 morena. Centenares de millones no pagados a la seguridad social, cuatro empresas quebradas, trilerismo multimillonario en Caja Madrid siendo consejero de la entidad&#8230;; decenas de miles de ciudadanos estafados sin piedad, miles de trabajadores arrojados al infierno del paro, decenas de instancias oficiales timadas, estafadas y toreadas&#8230; \u00a1Menudo curriculum!\u00a0\u00a1Y menudo ejemplo! porque el se\u00f1or en cuesti\u00f3n es presidente de los empresarios espa\u00f1oles. \u00a1Qu\u00e9 imagen! \u00a1Qu\u00e9 pa\u00eds como dir\u00eda el gran Forges!<\/p>\n<p>Y es que claro, no cabe en cabeza humana, siempre y cuando est\u00e9 sana, que si todo ese bandolerismo de cuello blanco lo hubiera perpetrado cualquier empresario, pudiera seguir pase\u00e1ndose tan pancho y tan chul\u00edn. \u00a1\u00a1\u00a1No!!! Si ese tratado completo de mangoneo a escala m\u00e1xima lo hubiera cometido cualquier otro empresario, incluso no empresario, estar\u00eda si no preso a punto de estarlo. Si toda esa enciclopedia del enga\u00f1o, el saqueo, y la mentira lo hubiera perpetrado cualquier otro empresario, incluso no empresario, estar\u00eda hace tiempo apartado de la sociedad y viviendo entre cartones, o se habr\u00eda fugado. Si todo ese cat\u00e1logo completo de trapisondas, sisas y rapacer\u00edas lo hubiera protagonizado cualquier otro empresario, de inmediato hubiera sido crucificado por sus representados, so pena que tengan tanto que ocultar como su amo.<\/p>\n<p>Es inaudito, es indecente, es impresentable, y es incomprensible. \u00bfPor qu\u00e9 esa patente de corso?, \u00bfqui\u00e9n se la concedi\u00f3?, \u00bfcu\u00e1nto m\u00e1s le va a durar?&#8230; Es&#8230;: \u00a1\u00a1\u00a1 lamentable !!!&#8230; Mucho m\u00e1s cuando abres el diario y lees \u00ablos carteristas ir\u00e1n a la c\u00e1rcel durante los fines de semana\u00bb. El mensaje est\u00e1 claro: d\u00e9jense de carteras y acometan la limpieza a gran escala, ver\u00e1n que nada les pasa. El se\u00f1or de la foto es el ejemplo. (Y los de la gur<em>PP<\/em>el ni te cuento).<\/p>\n<p>A cuidarse!!!<\/p>\n<p>\u00a0<\/p>\n\n\n\n","protected":false},"excerpt":{"rendered":"<p>No cabe en cabeza humana, siempre y cuando est\u00e9 sana, que nada de nada le pase a este se\u00f1or de la foto que no se llama Al\u00ed Bab\u00e1 pero podr\u00eda. Fue lo m\u00e1s y ya no lo es aunque lo sigue siendo, y ah\u00ed est\u00e1 precisamente el quid de la cuesti\u00f3n: \u00bfpor qu\u00e9 sigue pase\u00e1ndose [&hellip;]<\/p>\n","protected":false},"author":3,"featured_media":0,"comment_status":"open","ping_status":"open","sticky":false,"template":"","format":"standard","meta":{"footnotes":""},"categories":[1],"tags":[386,387,175,337,341,388,163,389],"class_list":["post-1403","post","type-post","status-publish","format-standard","hentry","category-politica","tag-aerolineas-argentinas","tag-air-comet","tag-caja-madrid","tag-ceoe","tag-diaz-ferran","tag-mercurio-seguros","tag-seguridad-social","tag-viajes-marsans"],"aioseo_notices":[],"_links":{"self":[{"href":"https:\/\/javiermanzano.es\/index.php?rest_route=\/wp\/v2\/posts\/1403","targetHints":{"allow":["GET"]}}],"collection":[{"href":"https:\/\/javiermanzano.es\/index.php?rest_route=\/wp\/v2\/posts"}],"about":[{"href":"https:\/\/javiermanzano.es\/index.php?rest_route=\/wp\/v2\/types\/post"}],"author":[{"embeddable":true,"href":"https:\/\/javiermanzano.es\/index.php?rest_route=\/wp\/v2\/users\/3"}],"replies":[{"embeddable":true,"href":"https:\/\/javiermanzano.es\/index.php?rest_route=%2Fwp%2Fv2%2Fcomments&post=1403"}],"version-history":[{"count":2,"href":"https:\/\/javiermanzano.es\/index.php?rest_route=\/wp\/v2\/posts\/1403\/revisions"}],"predecessor-version":[{"id":1409,"href":"https:\/\/javiermanzano.es\/index.php?rest_route=\/wp\/v2\/posts\/1403\/revisions\/1409"}],"wp:attachment":[{"href":"https:\/\/javiermanzano.es\/index.php?rest_route=%2Fwp%2Fv2%2Fmedia&parent=1403"}],"wp:term":[{"taxonomy":"category","embeddable":true,"href":"https:\/\/javiermanzano.es\/index.php?rest_route=%2Fwp%2Fv2%2Fcategories&post=1403"},{"taxonomy":"post_tag","embeddable":true,"href":"https:\/\/javiermanzano.es\/index.php?rest_route=%2Fwp%2Fv2%2Ftags&post=1403"}],"curies":[{"name":"wp","href":"https:\/\/api.w.org\/{rel}","templated":true}]}}