{"id":1395,"date":"2010-04-20T09:00:16","date_gmt":"2010-04-20T08:00:16","guid":{"rendered":"http:\/\/javiermanzano.es\/?p=1395"},"modified":"2010-04-20T09:00:40","modified_gmt":"2010-04-20T08:00:40","slug":"el-ejercito-electoral","status":"publish","type":"post","link":"https:\/\/javiermanzano.es\/?p=1395","title":{"rendered":"El ej\u00e9rcito electoral"},"content":{"rendered":"<p><span class=\"frame-outer  alignright size-medium wp-image-1396\"><span><span><span><span><a href=\"https:\/\/javiermanzano.es\/wp-content\/uploads\/2010\/04\/agencia-efe.jpg\"><img loading=\"lazy\" decoding=\"async\" class=\"alignright size-medium wp-image-1396\" title=\"agencia-efe\" src=\"https:\/\/javiermanzano.es\/wp-content\/uploads\/2010\/04\/agencia-efe-300x225.jpg\" alt=\"agencia-efe\" width=\"300\" height=\"225\" srcset=\"https:\/\/javiermanzano.es\/wp-content\/uploads\/2010\/04\/agencia-efe-300x225.jpg 300w, https:\/\/javiermanzano.es\/wp-content\/uploads\/2010\/04\/agencia-efe.jpg 470w\" sizes=\"auto, (max-width: 300px) 100vw, 300px\" \/><\/a><\/span><\/span><\/span><\/span><\/span>\u00a1\u00a1\u00a1Fiiiirmes&#8230;arrrr!!!\u00a0 \u00abEl batall\u00f3n est\u00e1 listo, mi se\u00f1or. Y al igual que \u00e9ste, todos nuestros batallones\u00bb&#8230; \u00abPues hala, que empiecen las maniobras \u00a1\u00a1ya!!\u00bb. Toque de corneta estruendoso y marcial recorri\u00f3 ayer de principio a fin el maltrecho y por tanto encabronado\u00a0espinazo gur<em>PP<\/em>eliano. La orden la dio el general\u00edsimo J\u00f3se ungiendo al capataz Nanin (re-ungi\u00e9ndole) con su dedo se\u00f1alador, ese que nunca jam\u00e1s toc\u00f3 moco, ni propio ni ajeno. A sangre y fuego se ordena, y en la proclama se recuadra y subraya que no se consentir\u00e1 la m\u00e1s m\u00ednima duda por m\u00ednima que sea y que se castigar\u00e1 sever\u00edsima y sumar\u00edsimamente a todo aquel del que se sospeche siquiera un atisbo de flaqueo. \u00abNi corrupciones ni pollas, mirada al frente y a arrasar urnas a destajo. La oportunidad nos llama y exactamente igual que hicimos y hacemos en multitud de batallas y asonadas, en esta tambi\u00e9n demostraremos lo que somos: un ej\u00e9rcito electoral en el que hasta los tullidos deben combatir encarnizadamente para recuperar lo que por linaje nos corresponde y que nos fue robado por una cuadrilla de descamisados\u00bb.<\/p>\n<p>Miedo da, terror causa, y pavor y pesadillas provoca el akelarre montado ayer por los guardianes del gur<em>PP<\/em>elismo. Rodearon, prietas las filas, al capataz re-ungido en un chou presidido por el gran amo y general\u00edsimo de <em>PP<\/em>landia que no fue otra cosa que el comienzo de (la guerra) la campa\u00f1a electoral. Saben de sobra que tienen m\u00faltiples hemorragias corruptiles y es precisamente por ello que el cornetazo hel\u00f3 la sangre de los m\u00e1s dubitativos al ser llamados nuevamente a filas para el comienzo de una cruzada a deg\u00fcello en la que cabalgar\u00e1n a lomos de un c\u00e1ncer econ\u00f3mico que a todos afecta pero bastante menos a ellos que durante decenas de a\u00f1os impermeabilizaron sus alforjas a billetazo limpio, unas veces ganado y las m\u00e1s trincado.<\/p>\n<p>La oportunidad es inmejorable con el rival grogui en mitad de la ci\u00e9naga y sus partidarios y seguidores rebel\u00e1ndose al mero instinto de taparse la nariz. Hay conatos, muchos, de deserci\u00f3n, y hay ambiente, excesivo, de desidiosa resignaci\u00f3n. Es visible, no se disimula, y\u00a0ah\u00ed est\u00e1n al acecho halcones y dem\u00e1s representantes del carro\u00f1erismo: con los baberos calzados y la nariz tapada dispuestos en cuerpo y alma a\u00a0re-asaltar el poder\u00a0a sangre y fuego; cueste lo que cueste.<\/p>\n<p>Y es que, como en decenas de ocasiones anteriores, este abnegado e insaciable ej\u00e9rcito electoral volver\u00e1 a cuadrarse para desplegar todo \u00absu\u00bb abanico de escaramuzas y artima\u00f1as, se blindar\u00e1 con corazas y\u00a0trajes de neopreno para que les resbale no la sangre de otros sino su propia\u00a0mierda gur<em>PP<\/em>elina, y acudir\u00e1 en masa (ellos pasan lista) a las urnas para votar no ya a su re-ungido capataz sino a sus siglas que ahora son las que son pero que si las cambian nada pasa porque para ellos las siglas no dejan de ser la chapa identificativa (de quita y pon) de su gula gen\u00e9tica por el poder, tanto el pol\u00edtico como el econ\u00f3mico o\u00a0el que sea mientras sea poder, \u00absu\u00bb poder.<\/p>\n<p>Avisados quedamos. Ya han comenzado del todo a perpetrar su golpe&#8230;, perd\u00f3n: su en\u00e9simo sablazo electoral.<\/p>\n<p>A cuidarse!!!<\/p>\n<p>PD: menci\u00f3n expresa\u00a0y bien bien resaltada para el ministro Blanco, para Pepe, que con esto de las cenizas volc\u00e1nicas (como antes con la empresa de D\u00edaz Ferr\u00e1n, los temporales de nieve, o los controladores, etc) ha demostrado nuevamente que es de los pocos que coge al toro por los cuernos, y de los pocos que sabe torear y torea. Con temple y seguridad, dando confianza. Chap\u00f3!!! Y que tomen nota&#8230; otr@s&#8230;<\/p>\n<p>PD2: consejo, recomendaci\u00f3n y&#8230;casi casi orden&#8230;: buena m\u00fasica y mejor letra en este enlace al espacio de mi buen amigo Antonio Mart\u00ednez en\u00a0nanos\u00f3nico (<a href=\"http:\/\/nanosonico.com\/musica-entre-comillas\/\">pincha aqu\u00ed<\/a>). Bienvenido, suerte y \u00a1\u00a1a por ellos!!\u00a0<em>garfunkel<\/em>. (El enlace est\u00e1 tambi\u00e9n en el blogroll).<\/p>\n<p>\u00a0<\/p>\n\n\n\n","protected":false},"excerpt":{"rendered":"<p>\u00a1\u00a1\u00a1Fiiiirmes&#8230;arrrr!!!\u00a0 \u00abEl batall\u00f3n est\u00e1 listo, mi se\u00f1or. Y al igual que \u00e9ste, todos nuestros batallones\u00bb&#8230; \u00abPues hala, que empiecen las maniobras \u00a1\u00a1ya!!\u00bb. Toque de corneta estruendoso y marcial recorri\u00f3 ayer de principio a fin el maltrecho y por tanto encabronado\u00a0espinazo gurPPeliano. La orden la dio el general\u00edsimo J\u00f3se ungiendo al capataz Nanin (re-ungi\u00e9ndole) con su [&hellip;]<\/p>\n","protected":false},"author":3,"featured_media":0,"comment_status":"open","ping_status":"open","sticky":false,"template":"","format":"standard","meta":{"footnotes":""},"categories":[1],"tags":[68,385,97,72,149,24,54],"class_list":["post-1395","post","type-post","status-publish","format-standard","hentry","category-politica","tag-aznar","tag-blanco","tag-crisis-economica","tag-elecciones","tag-gurtell","tag-pp","tag-rajoy"],"aioseo_notices":[],"_links":{"self":[{"href":"https:\/\/javiermanzano.es\/index.php?rest_route=\/wp\/v2\/posts\/1395","targetHints":{"allow":["GET"]}}],"collection":[{"href":"https:\/\/javiermanzano.es\/index.php?rest_route=\/wp\/v2\/posts"}],"about":[{"href":"https:\/\/javiermanzano.es\/index.php?rest_route=\/wp\/v2\/types\/post"}],"author":[{"embeddable":true,"href":"https:\/\/javiermanzano.es\/index.php?rest_route=\/wp\/v2\/users\/3"}],"replies":[{"embeddable":true,"href":"https:\/\/javiermanzano.es\/index.php?rest_route=%2Fwp%2Fv2%2Fcomments&post=1395"}],"version-history":[{"count":3,"href":"https:\/\/javiermanzano.es\/index.php?rest_route=\/wp\/v2\/posts\/1395\/revisions"}],"predecessor-version":[{"id":1402,"href":"https:\/\/javiermanzano.es\/index.php?rest_route=\/wp\/v2\/posts\/1395\/revisions\/1402"}],"wp:attachment":[{"href":"https:\/\/javiermanzano.es\/index.php?rest_route=%2Fwp%2Fv2%2Fmedia&parent=1395"}],"wp:term":[{"taxonomy":"category","embeddable":true,"href":"https:\/\/javiermanzano.es\/index.php?rest_route=%2Fwp%2Fv2%2Fcategories&post=1395"},{"taxonomy":"post_tag","embeddable":true,"href":"https:\/\/javiermanzano.es\/index.php?rest_route=%2Fwp%2Fv2%2Ftags&post=1395"}],"curies":[{"name":"wp","href":"https:\/\/api.w.org\/{rel}","templated":true}]}}