{"id":1311,"date":"2010-03-23T18:41:09","date_gmt":"2010-03-23T17:41:09","guid":{"rendered":"http:\/\/javiermanzano.es\/?p=1311"},"modified":"2010-03-23T18:41:37","modified_gmt":"2010-03-23T17:41:37","slug":"gurtel-por-la-boca-muere-el-pez","status":"publish","type":"post","link":"https:\/\/javiermanzano.es\/?p=1311","title":{"rendered":"G\u00fcrtel: por la boca muere el pez"},"content":{"rendered":"<p><span class=\"frame-outer  alignright size-medium wp-image-1313\"><span><span><span><span><a href=\"https:\/\/javiermanzano.es\/wp-content\/uploads\/2010\/03\/silencio1.jpg\"><img loading=\"lazy\" decoding=\"async\" class=\"alignright size-medium wp-image-1313\" title=\"silencio1\" src=\"https:\/\/javiermanzano.es\/wp-content\/uploads\/2010\/03\/silencio1-228x300.jpg\" alt=\"silencio1\" width=\"228\" height=\"300\" srcset=\"https:\/\/javiermanzano.es\/wp-content\/uploads\/2010\/03\/silencio1-228x300.jpg 228w, https:\/\/javiermanzano.es\/wp-content\/uploads\/2010\/03\/silencio1.jpg 400w\" sizes=\"auto, (max-width: 228px) 100vw, 228px\" \/><\/a><\/span><\/span><\/span><\/span><\/span>Con Tamayo zascandileando al olor de las sardinas de <em>la se\u00f1ora<\/em> de Sol, el\u00a0guardi\u00e1n de los secretos de la gur<em>PP<\/em>el anuncia que todo lo desvelar\u00e1 el lunes de pascua haci\u00e9ndole entonces\u00a0la pascua a m\u00e1s de uno. Ante la cercan\u00eda del acontecimiento, <strong>\u00a1sorpresa-sorpresa!<\/strong>, quien m\u00e1s quien menos se ha puesto a revisar y actualizar la documentaci\u00f3n sobre qui\u00e9nes son y qu\u00e9 hicieron <em>los golfos apandadores<\/em>, y&#8230;: <strong>\u00a1\u00a1\u00a1oh, qu\u00e9 sorpresa!!!<\/strong>\u00a0<\/p>\n<p>Entre las decenas de imputados en este caso de (presunta) corrupci\u00f3n masiva vinculada (volveremos a usar el presunto, y ya jode) al PP, resulta que hay dos estrech\u00edsimamente ligados a un diario importante que en las \u00faltimas semanas est\u00e1 destacando (<em>once-eme-itis<\/em> al margen) por fustigar duro al juez Garz\u00f3n y mucho m\u00e1s precisa y exactamente por animar-alentar-avivar-jalear-publicitar-condicionar el manojo de recursos dirigidos a que se anulen ciertas pruebas que hizo el magistrado con el fin de descarrilar\u00a0el caso por pseudodefectos de forma de tal modo que arrolle y\u00a0aniquile el fondo\u00a0que es lo verdaderamente importante y grave. Curiosa la actitud del tal peri\u00f3dico (<em>pedriojico<\/em> le sugiere a Charolito un\u00a0miembro activo de la cofrad\u00eda de la santa taberna)&#8230;, qu\u00e1 af\u00e1n, qu\u00e9 obsesi\u00f3n, que fijaci\u00f3n, qu\u00e9 ofuscaci\u00f3n, qu\u00e9 terquedad, qu\u00e9 fanatismo&#8230; \u00bfY por qu\u00e9?&#8230; \u00bfQuiz\u00e1 porque entre los principales imputados est\u00e1n dos de los suyos (y el SUYOS debe ir con may\u00fasculas)?<\/p>\n<p>&#8230;\u00bbNo seas mal pensado Charolito\u00bb&#8230; &#8230;<em>\u00abNoooo, qu\u00e9 va, si yo no pienso mal&#8230; Pero cuando pienso mal, acierto<\/em>\u00ab&#8230;\u00a0\u00a0\u00abNo seas desconfiado Charolito\u00bb&#8230; &#8230;\u00bb<em>\u00bfYo? \u00bfDesconfiado?&#8230; Amos anda, si s\u00f3lo me f\u00edo de mi polla que es la \u00fanica que nunca me dar\u00e1 por culo\u00bb&#8230;<\/em><\/p>\n<p>Sea como fuere, lo cierto y objetivo es que entre los imputados del caso G\u00fcrtel (queda m\u00e1s chulo gur<em>PP<\/em>el) figuran <strong>Manuel Delgado Sol\u00eds <\/strong>y <strong>Pl\u00e1cido Ram\u00f3n V\u00e1zquez Di\u00e9guez<\/strong>, a la saz\u00f3n Consejeros-Fundadores de <strong>Unedisa-El Mundo<\/strong>. Ambos, para m\u00e1s se\u00f1as, son amigos del <em>capo <\/em>(\u00bfdigo presunto otra vez?)<em> <\/em>Correa, y el primero, para mayor detalle, fue su primer abogado.<\/p>\n<p>No digo m\u00e1s&#8230; Bueno, tan s\u00f3lo una pregunta: \u00bfno estar\u00e1n conectados la gur<em>PP<\/em>el y el tamayazo?&#8230; \u00bfT\u00fa qu\u00e9 opinas?&#8230;<\/p>\n<p>A cuidarse!!!<\/p>\n<p>\u00a0<\/p>\n\n\n\n","protected":false},"excerpt":{"rendered":"<p>Con Tamayo zascandileando al olor de las sardinas de la se\u00f1ora de Sol, el\u00a0guardi\u00e1n de los secretos de la gurPPel anuncia que todo lo desvelar\u00e1 el lunes de pascua haci\u00e9ndole entonces\u00a0la pascua a m\u00e1s de uno. Ante la cercan\u00eda del acontecimiento, \u00a1sorpresa-sorpresa!, quien m\u00e1s quien menos se ha puesto a revisar y actualizar la documentaci\u00f3n [&hellip;]<\/p>\n","protected":false},"author":3,"featured_media":0,"comment_status":"open","ping_status":"open","sticky":false,"template":"","format":"standard","meta":{"footnotes":""},"categories":[1],"tags":[31,376,156,24,377],"class_list":["post-1311","post","type-post","status-publish","format-standard","hentry","category-politica","tag-corrupcion","tag-el-mundo","tag-gurtel","tag-pp","tag-tamayo"],"aioseo_notices":[],"_links":{"self":[{"href":"https:\/\/javiermanzano.es\/index.php?rest_route=\/wp\/v2\/posts\/1311","targetHints":{"allow":["GET"]}}],"collection":[{"href":"https:\/\/javiermanzano.es\/index.php?rest_route=\/wp\/v2\/posts"}],"about":[{"href":"https:\/\/javiermanzano.es\/index.php?rest_route=\/wp\/v2\/types\/post"}],"author":[{"embeddable":true,"href":"https:\/\/javiermanzano.es\/index.php?rest_route=\/wp\/v2\/users\/3"}],"replies":[{"embeddable":true,"href":"https:\/\/javiermanzano.es\/index.php?rest_route=%2Fwp%2Fv2%2Fcomments&post=1311"}],"version-history":[{"count":3,"href":"https:\/\/javiermanzano.es\/index.php?rest_route=\/wp\/v2\/posts\/1311\/revisions"}],"predecessor-version":[{"id":1318,"href":"https:\/\/javiermanzano.es\/index.php?rest_route=\/wp\/v2\/posts\/1311\/revisions\/1318"}],"wp:attachment":[{"href":"https:\/\/javiermanzano.es\/index.php?rest_route=%2Fwp%2Fv2%2Fmedia&parent=1311"}],"wp:term":[{"taxonomy":"category","embeddable":true,"href":"https:\/\/javiermanzano.es\/index.php?rest_route=%2Fwp%2Fv2%2Fcategories&post=1311"},{"taxonomy":"post_tag","embeddable":true,"href":"https:\/\/javiermanzano.es\/index.php?rest_route=%2Fwp%2Fv2%2Ftags&post=1311"}],"curies":[{"name":"wp","href":"https:\/\/api.w.org\/{rel}","templated":true}]}}