{"id":1297,"date":"2010-03-21T11:57:40","date_gmt":"2010-03-21T10:57:40","guid":{"rendered":"http:\/\/javiermanzano.es\/?p=1297"},"modified":"2010-03-21T12:00:00","modified_gmt":"2010-03-21T11:00:00","slug":"misa-de-doce","status":"publish","type":"post","link":"https:\/\/javiermanzano.es\/?p=1297","title":{"rendered":"Misa de doce"},"content":{"rendered":"<p>No era en absoluto de misas y suced\u00e1neos pero aquel domingo, sin saber porqu\u00e9, decidi\u00f3 completar su paseo matutino camino del verm\u00fa acerc\u00e1ndose a la iglesia. No fue consciente tampoco en ese momento de que las campanas no ta\u00f1eron llamando a la oraci\u00f3n, pero el detalle s\u00ed lo\u00a0recordar\u00eda pasado el tiempo. Le extra\u00f1\u00f3, eso s\u00ed, que no hubiese nadie, absolutamente nadie, en la lonja que da la bienvenida al templo ni en el antep\u00f3rtico cuyas escaleras en los d\u00edas grandes de rito amontonaban, en pleno precalentamiento, decenas de fervores sinceros, fervores aprendidos, fervores impuestos y tambi\u00e9n fervores sobrepuestos. Entr\u00f3, azuzado\u00a0por la curiosidad, pero tampoco hab\u00eda nadie: ni feligreses, ni curas, ni monaguillos, ni capellanes, ni capillitas,&#8230; ni siquiera meapilas. Recorri\u00f3\u00a0la planta rastreando cada rinc\u00f3n. Nada. Nadie.<span class=\"frame-outer  alignright size-medium wp-image-1298\"><span><span><span><span><a href=\"https:\/\/javiermanzano.es\/wp-content\/uploads\/2010\/03\/vangogh31.jpg\"><img loading=\"lazy\" decoding=\"async\" class=\"alignright size-medium wp-image-1298\" title=\"vangogh31\" src=\"https:\/\/javiermanzano.es\/wp-content\/uploads\/2010\/03\/vangogh31-238x300.jpg\" alt=\"vangogh31\" width=\"238\" height=\"300\" srcset=\"https:\/\/javiermanzano.es\/wp-content\/uploads\/2010\/03\/vangogh31-238x300.jpg 238w, https:\/\/javiermanzano.es\/wp-content\/uploads\/2010\/03\/vangogh31.jpg 350w\" sizes=\"auto, (max-width: 238px) 100vw, 238px\" \/><\/a><\/span><\/span><\/span><\/span><\/span><\/p>\n<p>Sali\u00f3 pasados unos minutos y entonces se encontr\u00f3 al atravesar el p\u00f3rtico, a cada lado de la escalera, a\u00a0dos hombres. Se acerc\u00f3 al que le pareci\u00f3\u00a0m\u00e1s compungido y le pregunt\u00f3 si estaba ocurriendo algo. Su respuesta fue directa, como un disparo: \u00abnos hemos dado la puntilla despu\u00e9s de a\u00f1os de acuchillarnos a conciencia la conciencia, y disfrutando que es lo peor. Somos pasado\u00a0pero nos hemos empe\u00f1ado a ser un nefasto recuerdo del pasado, una terrible y abominable pesadilla. \u00a1Ni solos nos hemos quedado! porque\u00a0nuestro\u00a0castigo y nuestra penitencia es no estar \u00a1ni solos! Nos lo hemos ganado durante siglos siendo en todo momento plenamente conscientes de lo que hac\u00edamos y sin querer hacer nada para remediarlo, no digo ya detenerlo. Nos hemos arrancado los ojos para no ver lo rematadamente bien que pec\u00e1bamos pero en vez de arrojar los ojos al fuego los hemos resguardado en nuestros pu\u00f1os apretados para que viesen\u00a0sin ver&#8230;\u00a0Hemos apoyado, organizado y disfrutado guerras, infamias, dictaduras, cr\u00edmenes, torturas, depravaciones&#8230; Hemos delinquido, injuriado, violado, robado&#8230; Y lo peor es que cada vez que hemos sido conscientes de lo que hac\u00edamos s\u00f3lo hemos querido taparlo, esconderlo, disimularlo o justificarlo; nunca repararlo&#8230; S\u00ed, la historia es la que es y es como es pero es historia; lo peor, lo m\u00e1s irracional y terrible, es que el presente es casi m\u00e1s escalofriante: \u00c1frica, el SIDA, los preservativos, el aborto, salir a las calles en manifestaci\u00f3n contra los gobiernos que no consider\u00e1bamos de los nuestros, pedir descaradamente el voto desde los p\u00falpitos&#8230; Insensateces, como m\u00e1s suave calificativo, que han actuado como espl\u00e9ndido abono para el recelo de la gente, al punto de autoinocul\u00e1rnoslas con tanta eficacia que cada d\u00eda hay menos\u00a0sacerdotes y religiosos estando al mismo borde\u00a0de convertirse, si no lo han hecho ya, en especies en peligro de extinci\u00f3n.\u00a0 Todas esas han sido las cuchilladas que nos hemos ido dando pero extra\u00f1amente es tan insaciable\u00a0la diab\u00f3lica gula que nos posee almas y entra\u00f1as que hemos decidido apuntillarnos sin remisi\u00f3n con el repugnante cat\u00e1logo de <a href=\"http:\/\/www.elpais.com\/articulo\/sociedad\/corrupcion\/derrota\/Papa\/elpepusoc\/20100321elpepisoc_4\/Tes\">atrocidades<\/a> que se est\u00e1n conociendo y ante las que nuestra reacci\u00f3n es \u00fanicamente pedir <a href=\"http:\/\/www.elpais.com\/articulo\/sociedad\/Verguenza\/remordimiento\/elpepusoc\/20100321elpepisoc_3\/Tes\">disculpas<\/a>&#8230; \u00bfDisculpas?&#8230;, esa es la puntilla&#8230;: \u00abdisc\u00falpennos por haber violado ni\u00f1os y ni\u00f1as, por haber torturado a ni\u00f1os y ni\u00f1as, por haber prostituido imp\u00fadicamente a la m\u00e1s tierna e inocente de las confianzas: las de los ni\u00f1os y las de las ni\u00f1as\u00bb&#8230; Si cada cu\u00e1l tiene lo que se merece, \u00bfqu\u00e9 nos merecemos?&#8230;\u00bb&#8230;<\/p>\n<p>Al otro lado de la escalera, el otro hombre se relam\u00eda maliciosamente su sonrisa mirando de soslayo:\u00a0saboreaba\u00a0su victoria.\u00a0<\/p>\n<p>\u00a0<\/p>\n\n\n\n<p>\u00a0<\/p>\n<p>A cuidarse!!!<\/p>\n<p>\u00a0<\/p>\n\n","protected":false},"excerpt":{"rendered":"<p>No era en absoluto de misas y suced\u00e1neos pero aquel domingo, sin saber porqu\u00e9, decidi\u00f3 completar su paseo matutino camino del verm\u00fa acerc\u00e1ndose a la iglesia. No fue consciente tampoco en ese momento de que las campanas no ta\u00f1eron llamando a la oraci\u00f3n, pero el detalle s\u00ed lo\u00a0recordar\u00eda pasado el tiempo. Le extra\u00f1\u00f3, eso s\u00ed, [&hellip;]<\/p>\n","protected":false},"author":3,"featured_media":0,"comment_status":"open","ping_status":"open","sticky":false,"template":"","format":"standard","meta":{"footnotes":""},"categories":[1],"tags":[170,364,375],"class_list":["post-1297","post","type-post","status-publish","format-standard","hentry","category-politica","tag-iglesia","tag-papa-benedicto-xvi","tag-pederastia"],"aioseo_notices":[],"_links":{"self":[{"href":"https:\/\/javiermanzano.es\/index.php?rest_route=\/wp\/v2\/posts\/1297","targetHints":{"allow":["GET"]}}],"collection":[{"href":"https:\/\/javiermanzano.es\/index.php?rest_route=\/wp\/v2\/posts"}],"about":[{"href":"https:\/\/javiermanzano.es\/index.php?rest_route=\/wp\/v2\/types\/post"}],"author":[{"embeddable":true,"href":"https:\/\/javiermanzano.es\/index.php?rest_route=\/wp\/v2\/users\/3"}],"replies":[{"embeddable":true,"href":"https:\/\/javiermanzano.es\/index.php?rest_route=%2Fwp%2Fv2%2Fcomments&post=1297"}],"version-history":[{"count":7,"href":"https:\/\/javiermanzano.es\/index.php?rest_route=\/wp\/v2\/posts\/1297\/revisions"}],"predecessor-version":[{"id":1309,"href":"https:\/\/javiermanzano.es\/index.php?rest_route=\/wp\/v2\/posts\/1297\/revisions\/1309"}],"wp:attachment":[{"href":"https:\/\/javiermanzano.es\/index.php?rest_route=%2Fwp%2Fv2%2Fmedia&parent=1297"}],"wp:term":[{"taxonomy":"category","embeddable":true,"href":"https:\/\/javiermanzano.es\/index.php?rest_route=%2Fwp%2Fv2%2Fcategories&post=1297"},{"taxonomy":"post_tag","embeddable":true,"href":"https:\/\/javiermanzano.es\/index.php?rest_route=%2Fwp%2Fv2%2Ftags&post=1297"}],"curies":[{"name":"wp","href":"https:\/\/api.w.org\/{rel}","templated":true}]}}