{"id":1199,"date":"2010-03-10T11:30:01","date_gmt":"2010-03-10T10:30:01","guid":{"rendered":"http:\/\/javiermanzano.es\/?p=1199"},"modified":"2010-03-10T18:03:48","modified_gmt":"2010-03-10T17:03:48","slug":"perplejidades","status":"publish","type":"post","link":"https:\/\/javiermanzano.es\/?p=1199","title":{"rendered":"Perplejidades"},"content":{"rendered":"<p><span class=\"frame-outer  alignleft size-medium wp-image-1200\"><span><span><span><span><a href=\"https:\/\/javiermanzano.es\/wp-content\/uploads\/2010\/03\/12.jpg\"><img loading=\"lazy\" decoding=\"async\" class=\"alignleft size-medium wp-image-1200\" title=\"12\" src=\"https:\/\/javiermanzano.es\/wp-content\/uploads\/2010\/03\/12-300x255.jpg\" alt=\"12\" width=\"300\" height=\"255\" srcset=\"https:\/\/javiermanzano.es\/wp-content\/uploads\/2010\/03\/12-300x255.jpg 300w, https:\/\/javiermanzano.es\/wp-content\/uploads\/2010\/03\/12-1024x871.jpg 1024w, https:\/\/javiermanzano.es\/wp-content\/uploads\/2010\/03\/12.jpg 1203w\" sizes=\"auto, (max-width: 300px) 100vw, 300px\" \/><\/a><\/span><\/span><\/span><\/span><\/span>Empiezan a despuntar por el horizonte negros nubarrones atestados de desaliento y pespunteados en neurosis. Mal rollo. \u00a1Y enrevesado est\u00e1 lo de poner remedio! porque no hay que otro que hacerse\u00a0enemigo de uno mismo y entonces ser\u00eda peor el remedio que la enfermedad. A ver si viene \u00a1\u00a1el calorcito!! ahora que ha vuelto el sol y ejerce de ant\u00eddoto, aunque dif\u00edcil lo tiene porque se ha hecho fuerte el puto azulejo tabernario que dice <strong>\u00abhoy hace un d\u00eda excelente, ver\u00e1s como viene alguno y lo jode\u00bb<\/strong>. \u00bfY sabes qu\u00e9 es lo peor?&#8230;, pues que\u00a0no es uno s\u00f3lo el que viene y lo jode: \u00a1son manada! Veamos&#8230;: prensa de hoy&#8230;<\/p>\n<p><em>\u00abEl Ejecutivo propone c\u00e1rcel obligatoria para cargos corruptos\u00bb. <\/em>Lo incomprensible y surrealista es que no lo fuese ya.<\/p>\n<p><em>\u00abEl PSOE quiere evitar la prisi\u00f3n a los manteros\u00bb. <\/em>Nunca es tarde si la dicha es buena pero a buenas horas mangas verdes: la semana pasada fue noticia la condena de 8 a\u00f1os de c\u00e1rcel a uno de esos esclavos,\u00a0de su \u00abamo\u00bb nada se sabe.<\/p>\n<p><em>\u00abM\u00e1s de 70.000 personas siguen sin luz en la provincia de Girona tres d\u00edas despu\u00e9s del temporal de nieve\u00bb.<\/em> \u00bfY por qu\u00e9 nadie ha dimitido todav\u00eda? Ver\u00e1s como\u00a0en unos d\u00edas apagan medi\u00e1ticamente el asunto y aqu\u00ed paz y despu\u00e9s gloria, y a los damnificados que les den.<\/p>\n<p><em>\u00abRajoy pide a Zapatero que invite a la disidencia cubana a la Fiesta Nacional\u00bb.<\/em> \u00bfLo hicieron ellos? \u00bfPor qu\u00e9 no deja de enredar y se pone de verdad a trabajar contra la crisis, so vago?<\/p>\n<p><em>\u00abLa ONU tambi\u00e9n condena los nuevos planes de asentamientos de Israel\u00bb.<\/em> Como siempre mucho lirili y poco lerele. Menos condenas y m\u00e1s actuaciones.<\/p>\n<p><em>\u00abEl hermano del Papa Benedicto XVI explica en una entrevista que abofete\u00f3 a alumnos en una escuela alemana en la que dirig\u00eda el coro y en la que\u00a0se comet\u00edan abusos f\u00edsicos y sexuales, pero que no era consciente de la brutalidad que se ejerc\u00eda en la instituci\u00f3n\u00bb.<\/em> \u00a1A la c\u00e1rcel YA! \u00a1Y que su hermano le excomulgue de inmediato! \u00a1Al infierno!<\/p>\n<p><em>\u00abCarta de los actores en apoyo a Guillermo Toledo. Alberto San Juan, Lola Due\u00f1as, Luis\u00a0Tosar, y hasta 31 artistas dan su m\u00e1s firme apoyo al actor\u00bb.<\/em> \u00a1Bien! Sin entrar a debatir sobre lo que dijo, \u00a1es indecente c\u00f3mo se han cebado con \u00e9l! Pero como no hay mal que por bien no venga, con la megademostraci\u00f3n de inquina, la carcundia ha vuelto a poner de manifiesto las ansias de venganza que les corroe. \u00a1No les dejes, hazles frente!<\/p>\n<p><em>\u00abLa\u00a0novia de Nu\u00f1ez Feij\u00f3o viaj\u00f3 a Roma como su colaboradora\u00bb.<\/em> \u00a1Qu\u00e9 morrazo! \u00bfY va a pasar algo? \u00bfTe imaginas la que montar\u00edan si lo hubiera hecho uno de izquierdas? Lo que no quieras para ti, no lo quieras para nadie.<\/p>\n<p><em>\u00abCorbacho recomienda suscribir planes privados de pensiones\u00bb.<\/em>\u00a0No hay charco y van y lo ponen. Ya lo dijo Corleone: \u00abnunca digas en voz alta lo que est\u00e9s pensando\u00bb. \u00bfNo era la cosa trabajar\u00a0m\u00e1s a\u00f1os? \u00bfEn qu\u00e9 quedamos?<\/p>\n<p>&#8230;Me voy&#8230;<span class=\"frame-outer  alignright size-medium wp-image-1201\"><span><span><span><span><a href=\"https:\/\/javiermanzano.es\/wp-content\/uploads\/2010\/03\/estambul.jpg\"><img loading=\"lazy\" decoding=\"async\" class=\"alignright size-medium wp-image-1201\" title=\"estambul\" src=\"https:\/\/javiermanzano.es\/wp-content\/uploads\/2010\/03\/estambul-300x300.jpg\" alt=\"estambul\" width=\"300\" height=\"300\" srcset=\"https:\/\/javiermanzano.es\/wp-content\/uploads\/2010\/03\/estambul-300x300.jpg 300w, https:\/\/javiermanzano.es\/wp-content\/uploads\/2010\/03\/estambul-150x150.jpg 150w, https:\/\/javiermanzano.es\/wp-content\/uploads\/2010\/03\/estambul.jpg 480w\" sizes=\"auto, (max-width: 300px) 100vw, 300px\" \/><\/a><\/span><\/span><\/span><\/span><\/span><\/p>\n<p>\u00a0<\/p>\n<p>\u00a0<\/p>\n<p>\u00a0<\/p>\n<p>\u00a0<\/p>\n<p>\u00a0<\/p>\n<p>\u00a0<\/p>\n<p>\u00a0<\/p>\n<p>\u00a0<\/p>\n<p>\u00a0<\/p>\n<p>\u00a0<\/p>\n<p>A cuidarse!!!<\/p>\n\n\n\n","protected":false},"excerpt":{"rendered":"<p>Empiezan a despuntar por el horizonte negros nubarrones atestados de desaliento y pespunteados en neurosis. Mal rollo. \u00a1Y enrevesado est\u00e1 lo de poner remedio! porque no hay que otro que hacerse\u00a0enemigo de uno mismo y entonces ser\u00eda peor el remedio que la enfermedad. A ver si viene \u00a1\u00a1el calorcito!! ahora que ha vuelto el sol [&hellip;]<\/p>\n","protected":false},"author":3,"featured_media":0,"comment_status":"open","ping_status":"open","sticky":false,"template":"","format":"standard","meta":{"footnotes":""},"categories":[1],"tags":[363,366,31,97,362,367,10,365,361,364,291,54,360],"class_list":["post-1199","post","type-post","status-publish","format-standard","hentry","category-politica","tag-asentamientos-israelies","tag-corbacho","tag-corrupcion","tag-crisis-economica","tag-cuba","tag-depresion","tag-feijoo","tag-guillermo-toledo","tag-nevada-en-cataluna","tag-papa-benedicto-xvi","tag-pensiones","tag-rajoy","tag-top-manta"],"aioseo_notices":[],"_links":{"self":[{"href":"https:\/\/javiermanzano.es\/index.php?rest_route=\/wp\/v2\/posts\/1199","targetHints":{"allow":["GET"]}}],"collection":[{"href":"https:\/\/javiermanzano.es\/index.php?rest_route=\/wp\/v2\/posts"}],"about":[{"href":"https:\/\/javiermanzano.es\/index.php?rest_route=\/wp\/v2\/types\/post"}],"author":[{"embeddable":true,"href":"https:\/\/javiermanzano.es\/index.php?rest_route=\/wp\/v2\/users\/3"}],"replies":[{"embeddable":true,"href":"https:\/\/javiermanzano.es\/index.php?rest_route=%2Fwp%2Fv2%2Fcomments&post=1199"}],"version-history":[{"count":10,"href":"https:\/\/javiermanzano.es\/index.php?rest_route=\/wp\/v2\/posts\/1199\/revisions"}],"predecessor-version":[{"id":1214,"href":"https:\/\/javiermanzano.es\/index.php?rest_route=\/wp\/v2\/posts\/1199\/revisions\/1214"}],"wp:attachment":[{"href":"https:\/\/javiermanzano.es\/index.php?rest_route=%2Fwp%2Fv2%2Fmedia&parent=1199"}],"wp:term":[{"taxonomy":"category","embeddable":true,"href":"https:\/\/javiermanzano.es\/index.php?rest_route=%2Fwp%2Fv2%2Fcategories&post=1199"},{"taxonomy":"post_tag","embeddable":true,"href":"https:\/\/javiermanzano.es\/index.php?rest_route=%2Fwp%2Fv2%2Ftags&post=1199"}],"curies":[{"name":"wp","href":"https:\/\/api.w.org\/{rel}","templated":true}]}}