{"id":1182,"date":"2010-03-09T19:36:30","date_gmt":"2010-03-09T18:36:30","guid":{"rendered":"http:\/\/javiermanzano.es\/?p=1182"},"modified":"2010-03-09T19:36:30","modified_gmt":"2010-03-09T18:36:30","slug":"m-501-le-llevamos-la-autovia-hasta-la-puerta-de-su-pelotazo","status":"publish","type":"post","link":"https:\/\/javiermanzano.es\/?p=1182","title":{"rendered":"M-501: le llevamos la autov\u00eda hasta la puerta de su pelotazo"},"content":{"rendered":"<p><span class=\"frame-outer  alignleft size-medium wp-image-1185\"><span><span><span><span><a href=\"https:\/\/javiermanzano.es\/wp-content\/uploads\/2010\/03\/11.jpg\"><img loading=\"lazy\" decoding=\"async\" class=\"alignleft size-medium wp-image-1185\" title=\"11\" src=\"https:\/\/javiermanzano.es\/wp-content\/uploads\/2010\/03\/11-300x218.jpg\" alt=\"11\" width=\"300\" height=\"218\" srcset=\"https:\/\/javiermanzano.es\/wp-content\/uploads\/2010\/03\/11-300x218.jpg 300w, https:\/\/javiermanzano.es\/wp-content\/uploads\/2010\/03\/11.jpg 426w\" sizes=\"auto, (max-width: 300px) 100vw, 300px\" \/><\/a><\/span><\/span><\/span><\/span><\/span>Como naufraguitos en mitad de la voraz y cansina galerna econ\u00f3mica (y pol\u00edtica) nadan otras noticias no menos importantes o trascendentes. Por ejemplo la que pas\u00f3 desapercibida hace unos d\u00edas referida a las obras de desdoblamiento de la carretera M-501\u00a0(<strong>obras<\/strong> que defendi\u00f3 ardorosamente <strong>Cospedal<\/strong> cuando tuvo responsabilidades p\u00fablicas en Madrid), obras que ejecuta (prefecto el verbo)\u00a0el gobierno de Esperanza Aguirre.<\/p>\n<p>No se olvida de ninguna manera la obcecaci\u00f3n con esas obras por m\u00e1s que fueran tan conscientes como todos (pero inconscientes como pocos) del destrozo natural que supon\u00edan. Por las obras en s\u00ed, pura devastaci\u00f3n medioambiental, y por las consecuencias que acarrear\u00edan en un paraje del que se dir\u00e1 que una vez fue paraje natural y que lo convirtieron en paraje automovil\u00edstico-urban\u00edstico. Argumentaron, sin importarles la sinraz\u00f3n, que <span class=\"frame-outer  alignright size-medium wp-image-1186\"><span><span><span><span><a href=\"https:\/\/javiermanzano.es\/wp-content\/uploads\/2010\/03\/riocofio1.jpg\"><img loading=\"lazy\" decoding=\"async\" class=\"alignright size-medium wp-image-1186\" title=\"riocofio1\" src=\"https:\/\/javiermanzano.es\/wp-content\/uploads\/2010\/03\/riocofio1-300x224.jpg\" alt=\"riocofio1\" width=\"300\" height=\"224\" \/><\/a><\/span><\/span><\/span><\/span><\/span>convert\u00edan la carretera en autov\u00eda por razones de seguridad, ya que dos esplendorosos carriles por sentido que casi obligan al exceso de velocidad reducir\u00edan la alta siniestralidad de la carretera de siempre, encajada desde hace mucho y bien en el entorno natural y paisaj\u00edstico. Negaron con total descaro informes t\u00e9cnicos que rebajaban la presunta alta siniestralidad, y\u00a0se pasaron por el forro cuanta indicaci\u00f3n objetiva de que hab\u00eda otros trazados con la misma o mayor\u00a0falta de seguridad cuya reparaci\u00f3n era tanto o m\u00e1s urgente sin que acarreara\u00a0semejante destrozo medioambiental. Nada les importaba lo m\u00e1s m\u00ednimo, s\u00f3lo\u00a0lo suyo, y hasta amenazas\u00a0fueron vertidas contra quienes alertaban de probables (y todo lo probable es sospechoso)\u00a0intereses especulativos. Negocios y pelotazos, se dijo y denunci\u00f3 (pero ya no), que no se ce\u00f1\u00edan al territorio CAM sino que se extend\u00edan a la lim\u00edtrofe provincia de \u00c1vila donde se demostr\u00f3 que ya se hab\u00edan pre-previsto lujosos y productivos emporios b\u00e1sicamente urban\u00edsticos\u00a0al calor del proyecto de autov\u00eda de los pantanos.<\/p>\n<p>Bien. Pas\u00f3 el tiempo, se quit\u00f3 del escaparate\u00a0el asunto mientras los interesados segu\u00edan maquin\u00e1ndolo entre bambalinas, y cuando ya casi ni se recordaba pues de pronto es resucitado en todo un esplendor mediante unas declaraciones con las que posiblemente sin quererlo se hace toda una demostraci\u00f3n de honestidad, aunque sea sobrevenida, en tanto que confirman todas las sospechas:<\/p>\n<p><em>\u00abEl consejero de Presidencia, Justicia e Interior ha asegurado\u00a0que la intenci\u00f3n del Ejecutivo de Esperanza Aguirre\u00a0es acometer el desdoblamiento de la M-501 hasta la provincia de \u00c1vila, y ha confiado en que \u00e9sta sea una de las grandes obras de la pr\u00f3xima legislatura.\u00a0El Consejero ha explicado que el gobierno de la Comunidad \u00abest\u00e1 convencido de la importancia de acabar el desdoblamiento de la M-501 hasta la provincia de \u00c1vila, y por tanto seguir\u00e1 adelante con los estudios, <span class=\"frame-outer  alignleft size-medium wp-image-1187\"><span><span><span><span><a href=\"https:\/\/javiermanzano.es\/wp-content\/uploads\/2010\/03\/2.jpg\"><img loading=\"lazy\" decoding=\"async\" class=\"alignleft size-medium wp-image-1187\" title=\"2\" src=\"https:\/\/javiermanzano.es\/wp-content\/uploads\/2010\/03\/2-300x220.jpg\" alt=\"2\" width=\"300\" height=\"220\" srcset=\"https:\/\/javiermanzano.es\/wp-content\/uploads\/2010\/03\/2-300x220.jpg 300w, https:\/\/javiermanzano.es\/wp-content\/uploads\/2010\/03\/2.jpg 500w\" sizes=\"auto, (max-width: 300px) 100vw, 300px\" \/><\/a><\/span><\/span><\/span><\/span><\/span>ya que se sabe que desde el punto de vista medioambiental \u00e9sta es una zona de una enorme riqueza\u00bb. \u00abHemos dado un paso importante desdoblando hasta Navas del Rey, pero sin duda el reto deber ser desdoblar hasta el l\u00edmite con la provincia de \u00c1vila pasando por el punto m\u00e1s delicado, que es la zona del Puerto de San Juan\u00bb. \u00abConfiamos en que \u00e9sta\u00a0sea una de las grandes obras de comunicaci\u00f3n de carreteras\u00a0que se acometa en la pr\u00f3xima legislatura, tal y como\u00a0anunci\u00f3 la presidenta Esperanza Aguirre\u00bb.<\/em><\/p>\n<p>Todo eso traducido se resume en pocas palabras, pocas\u00a0pero requete\u00a0claras: <strong>\u00abM-501: le llevamos la autov\u00eda hasta la puerta de su pelotazo\u00bb<\/strong>.<\/p>\n<p>A cuidarse!!!<\/p>\n<p>\u00a0<\/p>\n\n\n\n","protected":false},"excerpt":{"rendered":"<p>Como naufraguitos en mitad de la voraz y cansina galerna econ\u00f3mica (y pol\u00edtica) nadan otras noticias no menos importantes o trascendentes. Por ejemplo la que pas\u00f3 desapercibida hace unos d\u00edas referida a las obras de desdoblamiento de la carretera M-501\u00a0(obras que defendi\u00f3 ardorosamente Cospedal cuando tuvo responsabilidades p\u00fablicas en Madrid), obras que ejecuta (prefecto el [&hellip;]<\/p>\n","protected":false},"author":3,"featured_media":0,"comment_status":"open","ping_status":"open","sticky":false,"template":"","format":"standard","meta":{"footnotes":""},"categories":[1],"tags":[107,355,353,328,116,354,357,352,191,358,359],"class_list":["post-1182","post","type-post","status-publish","format-standard","hentry","category-politica","tag-aguirre","tag-avila","tag-carretera-de-los-pantanos","tag-comunidad-de-madrid","tag-cospedal","tag-desdoblamiento","tag-especulacion","tag-m-501","tag-medio-ambiente","tag-pelotazo","tag-urbanismo"],"aioseo_notices":[],"_links":{"self":[{"href":"https:\/\/javiermanzano.es\/index.php?rest_route=\/wp\/v2\/posts\/1182","targetHints":{"allow":["GET"]}}],"collection":[{"href":"https:\/\/javiermanzano.es\/index.php?rest_route=\/wp\/v2\/posts"}],"about":[{"href":"https:\/\/javiermanzano.es\/index.php?rest_route=\/wp\/v2\/types\/post"}],"author":[{"embeddable":true,"href":"https:\/\/javiermanzano.es\/index.php?rest_route=\/wp\/v2\/users\/3"}],"replies":[{"embeddable":true,"href":"https:\/\/javiermanzano.es\/index.php?rest_route=%2Fwp%2Fv2%2Fcomments&post=1182"}],"version-history":[{"count":10,"href":"https:\/\/javiermanzano.es\/index.php?rest_route=\/wp\/v2\/posts\/1182\/revisions"}],"predecessor-version":[{"id":1198,"href":"https:\/\/javiermanzano.es\/index.php?rest_route=\/wp\/v2\/posts\/1182\/revisions\/1198"}],"wp:attachment":[{"href":"https:\/\/javiermanzano.es\/index.php?rest_route=%2Fwp%2Fv2%2Fmedia&parent=1182"}],"wp:term":[{"taxonomy":"category","embeddable":true,"href":"https:\/\/javiermanzano.es\/index.php?rest_route=%2Fwp%2Fv2%2Fcategories&post=1182"},{"taxonomy":"post_tag","embeddable":true,"href":"https:\/\/javiermanzano.es\/index.php?rest_route=%2Fwp%2Fv2%2Ftags&post=1182"}],"curies":[{"name":"wp","href":"https:\/\/api.w.org\/{rel}","templated":true}]}}