{"id":1174,"date":"2010-03-08T09:37:24","date_gmt":"2010-03-08T08:37:24","guid":{"rendered":"http:\/\/javiermanzano.es\/?p=1174"},"modified":"2010-03-08T09:37:51","modified_gmt":"2010-03-08T08:37:51","slug":"8-de-marzo-circo-y-preguntas-al-pp","status":"publish","type":"post","link":"https:\/\/javiermanzano.es\/?p=1174","title":{"rendered":"8 de marzo, circo y preguntas al PP"},"content":{"rendered":"<p><span class=\"frame-outer  alignleft size-medium wp-image-1175\"><span><span><span><span><a href=\"https:\/\/javiermanzano.es\/wp-content\/uploads\/2010\/03\/20100308elpepivin_11.jpg\"><img loading=\"lazy\" decoding=\"async\" class=\"alignleft size-medium wp-image-1175\" title=\"20100308elpepivin_11\" src=\"https:\/\/javiermanzano.es\/wp-content\/uploads\/2010\/03\/20100308elpepivin_11-300x208.jpg\" alt=\"20100308elpepivin_11\" width=\"300\" height=\"208\" srcset=\"https:\/\/javiermanzano.es\/wp-content\/uploads\/2010\/03\/20100308elpepivin_11-300x208.jpg 300w, https:\/\/javiermanzano.es\/wp-content\/uploads\/2010\/03\/20100308elpepivin_11.jpg 620w\" sizes=\"auto, (max-width: 300px) 100vw, 300px\" \/><\/a><\/span><\/span><\/span><\/span><\/span>8 de marzo, fecha emblem\u00e1tica y reivindicativa en femenino cuya raz\u00f3n de ser no ser\u00e1 mientras no sea real lo de \u00aba igual trabajo, igual salario\u00bb que tan acertadamente como siempre subraya el mejor editorialista: Forges. Y es precisamente por ello que hiere en lo m\u00e1s hondo el dato rescatado de los restos del naufragio econ\u00f3mico: hay m\u00e1s hombres en paro que mujeres. \u00bfEso es un avance o es quiz\u00e1s la plasmaci\u00f3n del dicho \u00abmal de muchos, consuelo de tontos?.<\/p>\n<p>Lo del circo lo dejo para el final porque ahora va un encadenado\u00a0de preguntas al PP o para el PP. Cuestiones que causan perplejidad e incitan al arrebato, y preguntas que deber\u00edan ser respondidas sin el menor resquicio de ambig\u00fcedad aunque es sabido que eso es una quimera:<\/p>\n<p>-\u00bfsi llegan al gobierno derogar\u00e1n la ley del aborto tal y como ayer domingo\u00a0anunci\u00f3 ese l\u00e1nguido pancartero\u00a0apellidado Mayor Oreja, conocido en Bruselas como el m\u00e1s potente narc\u00f3tico que ha dado Espa\u00f1a? \u00bfY comparten las palabras de ese se\u00f1or que dice que lo de la interrupci\u00f3n del embarazo es de bolcheviques?<\/p>\n<p>-\u00bfcreen que van contra Garz\u00f3n?<\/p>\n<p>-\u00bfy ustedes los del PP, van contra Garz\u00f3n?<\/p>\n<p>-\u00bfcondenan la censura de fotograf\u00edas perpetrada en Valencia, fotonoticias del 09 que recog\u00edan episodios informativos de ese a\u00f1o relativos a la Gur<em>PP<\/em>el?<\/p>\n<p>-\u00bfcondenan que los esp\u00edas de Aguirre exijan a un periodista que desvele sus fuentes? \u00bfO lo avalan?<\/p>\n<p>-\u00bfpuesto que rechazan la subida del IVA diciendo que es injusta porque afecta a todos por igual, pero coinciden en que hay que aumentar los ingresos v\u00eda recaudaci\u00f3n, subir\u00edan los impuestos a las rentas m\u00e1s altas?<\/p>\n<p>Y para acabar&#8230;,\u00a0lo del circo. Ver\u00e1s&#8230;: en mitad de la esquizofrenia montada con los toros, un debate imposible pero apuntillado de muerte al haber sido politizado por los reba\u00f1adores electorales, ahora\u00a0el ayuntamiento\u00a0de San Fernando de Henares (Madrid) hace saber que prohibir\u00e1 \u00a1\u00a1\u00a1los circos con animales!!!\u00a0Eh ah\u00ed el mejor ejemplo de que la demagogia se ha abierto de capote y a ver qu\u00e9 va viniendo ahora: \u00bfse prohibir\u00e1n los zoos?, \u00bfla caza y la pesca?, \u00bflas granjas?, \u00bfel fu\u00e1?&#8230;<\/p>\n<p>\u00a1Qu\u00e9 pa\u00eds!<\/p>\n<p>A cuidarse!!!<\/p>\n\n\n\n","protected":false},"excerpt":{"rendered":"<p>8 de marzo, fecha emblem\u00e1tica y reivindicativa en femenino cuya raz\u00f3n de ser no ser\u00e1 mientras no sea real lo de \u00aba igual trabajo, igual salario\u00bb que tan acertadamente como siempre subraya el mejor editorialista: Forges. Y es precisamente por ello que hiere en lo m\u00e1s hondo el dato rescatado de los restos del naufragio [&hellip;]<\/p>\n","protected":false},"author":3,"featured_media":0,"comment_status":"open","ping_status":"open","sticky":false,"template":"","format":"standard","meta":{"footnotes":""},"categories":[1],"tags":[349,350,97,347,288,332,149,351,141,348,24,342],"class_list":["post-1174","post","type-post","status-publish","format-standard","hentry","category-politica","tag-censura","tag-circo","tag-crisis-economica","tag-dia-internacional-de-la-mujer","tag-espionaje","tag-garzon","tag-gurtell","tag-iva","tag-ley-del-aborto","tag-mayor-oreja","tag-pp","tag-toros"],"aioseo_notices":[],"_links":{"self":[{"href":"https:\/\/javiermanzano.es\/index.php?rest_route=\/wp\/v2\/posts\/1174","targetHints":{"allow":["GET"]}}],"collection":[{"href":"https:\/\/javiermanzano.es\/index.php?rest_route=\/wp\/v2\/posts"}],"about":[{"href":"https:\/\/javiermanzano.es\/index.php?rest_route=\/wp\/v2\/types\/post"}],"author":[{"embeddable":true,"href":"https:\/\/javiermanzano.es\/index.php?rest_route=\/wp\/v2\/users\/3"}],"replies":[{"embeddable":true,"href":"https:\/\/javiermanzano.es\/index.php?rest_route=%2Fwp%2Fv2%2Fcomments&post=1174"}],"version-history":[{"count":3,"href":"https:\/\/javiermanzano.es\/index.php?rest_route=\/wp\/v2\/posts\/1174\/revisions"}],"predecessor-version":[{"id":1181,"href":"https:\/\/javiermanzano.es\/index.php?rest_route=\/wp\/v2\/posts\/1174\/revisions\/1181"}],"wp:attachment":[{"href":"https:\/\/javiermanzano.es\/index.php?rest_route=%2Fwp%2Fv2%2Fmedia&parent=1174"}],"wp:term":[{"taxonomy":"category","embeddable":true,"href":"https:\/\/javiermanzano.es\/index.php?rest_route=%2Fwp%2Fv2%2Fcategories&post=1174"},{"taxonomy":"post_tag","embeddable":true,"href":"https:\/\/javiermanzano.es\/index.php?rest_route=%2Fwp%2Fv2%2Ftags&post=1174"}],"curies":[{"name":"wp","href":"https:\/\/api.w.org\/{rel}","templated":true}]}}