{"id":1142,"date":"2010-03-04T10:35:18","date_gmt":"2010-03-04T09:35:18","guid":{"rendered":"http:\/\/javiermanzano.es\/?p=1142"},"modified":"2010-03-04T10:58:13","modified_gmt":"2010-03-04T09:58:13","slug":"el-debate-de-los-toros-en-el-parlamento-catalan","status":"publish","type":"post","link":"https:\/\/javiermanzano.es\/?p=1142","title":{"rendered":"El debate de los toros en el parlamento catal\u00e1n"},"content":{"rendered":"<p><span class=\"frame-outer  alignleft size-medium wp-image-1147\"><span><span><span><span><a href=\"https:\/\/javiermanzano.es\/wp-content\/uploads\/2010\/03\/antonete.jpg\"><img loading=\"lazy\" decoding=\"async\" class=\"alignleft size-medium wp-image-1147\" title=\"antonete\" src=\"https:\/\/javiermanzano.es\/wp-content\/uploads\/2010\/03\/antonete-228x300.jpg\" alt=\"antonete\" width=\"228\" height=\"300\" srcset=\"https:\/\/javiermanzano.es\/wp-content\/uploads\/2010\/03\/antonete-228x300.jpg 228w, https:\/\/javiermanzano.es\/wp-content\/uploads\/2010\/03\/antonete.jpg 600w\" sizes=\"auto, (max-width: 228px) 100vw, 228px\" \/><\/a><\/span><\/span><\/span><\/span><\/span>\u00a1Qu\u00e9 derroche de papanatismo! \u00a1Cu\u00e1nta casposidad! \u00a1Qu\u00e9 af\u00e1n por regularlo todo! \u00a1Qu\u00e9 hipocres\u00eda! \u00a1Qu\u00e9 lamentable! \u00a1PROHIBIDO PROHIBIR! \u00a1Que cada cual haga lo que le d\u00e9 la\u00a0gana!<\/p>\n<p>\u00abToros s\u00ed-Toros no\u00bb es la quintaesencia del debate imposible: no hay espacio ni siquiera resquicio para la intersecci\u00f3n de pareceres. Y es por ello precisamente que debe ser un ejemplo perfecto del ejercicio de la libertad. He dicho.<\/p>\n<p>Te invito en todo caso a estas fotos, un <a href=\"http:\/\/www.youtube.com\/watch#!videos=YF2RqT0GFpU&amp;v=TfD9ArNXVns\">video<\/a>, buenas piezas\u00a0musicales, y\u00a0un escrito titulado <strong><em>\u00abLas Afueras del Toreo\u00bb<\/em><\/strong>.<\/p>\n<p>A cuidarse!!!<\/p>\n<p><span style=\"font-family: &quot;Monotype Corsiva&quot;; font-size: 12pt;\">Atravesando el umbral de las dependencias de la plaza, listillos, trincones de poca monta, y buscavidas forman la <span class=\"frame-outer  alignright size-medium wp-image-1148\"><span><span><span><span><a href=\"https:\/\/javiermanzano.es\/wp-content\/uploads\/2010\/03\/curro-romero.jpg\"><img loading=\"lazy\" decoding=\"async\" class=\"alignright size-medium wp-image-1148\" title=\"curro-romero\" src=\"https:\/\/javiermanzano.es\/wp-content\/uploads\/2010\/03\/curro-romero-290x300.jpg\" alt=\"curro-romero\" width=\"290\" height=\"300\" srcset=\"https:\/\/javiermanzano.es\/wp-content\/uploads\/2010\/03\/curro-romero-290x300.jpg 290w, https:\/\/javiermanzano.es\/wp-content\/uploads\/2010\/03\/curro-romero.jpg 387w\" sizes=\"auto, (max-width: 290px) 100vw, 290px\" \/><\/a><\/span><\/span><\/span><\/span><\/span>primera avanzadilla. Est\u00e1n en las puertas acechando a los porteros para los que siempre tienen una frase o un comentario implorando a sus m\u00e1s d\u00e9biles instintos, buscando que les dejen ver el toreo. Entre tanto, mientras rebuscan nuevas consignas y coartadas, mientras repasan una y cien veces la visualidad de la colada, mientras cumplimentan todo el repertorio de gestos pedig\u00fce\u00f1os, circunstanciales, molestos o llamativos\u2026, mientras tanto oyen como esta toreando fulano de tal, de quien por cierto saben su nombre, apellidos, trayectoria, nombre de la esposa, lugar de residencia, alg\u00fan que otro aspecto de su vida, y, a veces, hasta el n\u00famero de tel\u00e9fono.<\/span><\/p>\n<p class=\"MsoNormal\" style=\"margin: 0cm 0cm 0pt;\"><span style=\"font-family: &quot;Monotype Corsiva&quot;; font-size: 12pt;\">\u00a0\u00a0\u00a0\u00a0\u00a0\u00a0\u00a0\u00a0\u00a0 El c\u00edrculo del toreo impone su supremac\u00eda sobre tendidos, gradas y andanadas, pero su poder tambi\u00e9n emana al exterior. Miles de personas amurallan el redondel, pero en las afueras, desde el primer mil\u00edmetro m\u00e1s all\u00e1 del m\u00e1gico cilindro, toda una turba de personas viven su fiesta con la certeza, asumida y perfeccionada, de que tienen que o\u00edr el toreo y dibujarlo con su imaginaci\u00f3n en la parte de adentro de sus ojos.<\/span><\/p>\n<p class=\"MsoNormal\" style=\"margin: 0cm 0cm 0pt;\">\u00a0<\/p>\n<p class=\"MsoNormal\" style=\"margin: 0cm 0cm 0pt;\"><span style=\"font-family: &quot;Monotype Corsiva&quot;; font-size: 12pt;\"><span style=\"mso-tab-count: 1;\">\u00a0\u00a0\u00a0\u00a0\u00a0\u00a0\u00a0\u00a0\u00a0\u00a0\u00a0 <\/span>Acomodadores, vendedores de refrescos y taberneros conforman la primera l\u00ednea de expertos escuchadores del toreo. No todos los acomodadores ni todos los vendedores de bebidas porque la mayor\u00eda tienen sus sitios de casi toda la vida para ver el espect\u00e1culo. Hay otros que hacen cuadrillas conjuntas y se apostan en los accesos al coso donde organizan sus particulares fiestas: chorizo, jam\u00f3n, rancio y sabroso queso, unos pinchos de escabeche y las botas bien atestadas. Entre ellos se dividen el trabajo y el avituallamiento, y siempre hay uno que ejerce de narrador del espect\u00e1culo que se vive en el interior, ilustrando as\u00ed las im\u00e1genes que construyen con oficio y sin esfuerzo los escuchadores, los que ocupan la primera l\u00ednea de las afueras del toreo.<\/span><\/p>\n<p class=\"MsoNormal\" style=\"margin: 0cm 0cm 0pt;\"><span style=\"font-family: &quot;Monotype Corsiva&quot;; font-size: 12pt;\"><span style=\"mso-tab-count: 1;\">\u00a0\u00a0\u00a0\u00a0\u00a0\u00a0 <\/span><\/span><\/p>\n<p class=\"MsoNormal\" style=\"margin: 0cm 0cm 0pt;\"><span style=\"font-family: &quot;Monotype Corsiva&quot;; font-size: 12pt;\"><span style=\"mso-tab-count: 1;\">\u00a0\u00a0\u00a0\u00a0\u00a0\u00a0\u00a0 <\/span>Unos metros mas all\u00e1, desde donde la plaza se ve ya con una cierta perspectiva, est\u00e1n los que componen la delantera de la retaguardia, la reserva activa. Unos pasean, otros reposan para escuchar con temple\u2026 La gran mayor\u00eda se agrupa en las ajardinadas laderas que cercan la plaza tras los tendidos de sombra. All\u00ed los hay incluso que llevan bota, pincho y baraja, haciendo de la calle una natural terraza en la que en vez de hilo musical tienen m\u00fasica del toreo. Saltan cuando el v\u00fametro interior dibuja un latigazo sonoro de posible cogida, y se les remueven todos los circuitos cuando el ol\u00e9 deja ante sus so\u00f1adores sentidos y sus perspicaces ojos una laaargo y lent\u00edsimo natural. Son tipos solitarios y si se agrupan es m\u00e1s por casualidad que por compartir la dura penitencia de tener que o\u00edr el toreo.<\/span><\/p>\n<p class=\"MsoNormal\" style=\"margin: 0cm 0cm 0pt;\"><span style=\"font-family: &quot;Monotype Corsiva&quot;; font-size: 12pt;\">\u00a0<\/span><\/p>\n<p class=\"MsoNormal\" style=\"margin: 0cm 0cm 0pt;\"><span style=\"font-family: &quot;Monotype Corsiva&quot;; font-size: 12pt;\"><span style=\"mso-tab-count: 1;\">\u00a0\u00a0\u00a0\u00a0\u00a0\u00a0\u00a0\u00a0\u00a0\u00a0\u00a0 <\/span>Por \u00faltimo, justo en el l\u00edmite de las afueras del toreo, est\u00e1 la tropa de retaguardia encargada de la intendencia y el avituallamiento. Los que venden la fiesta en forma de puros, tabaco, pipas y golosinas\u2026, sombreros, paraguas, carteles, banderillas, camisetas, chaquetillas de pitimin\u00ed, o c\u00e9lebres grabaciones del cancionero taurino. Tambi\u00e9n taberneros de variopinta condici\u00f3n camareril tan avezados como sus compa\u00f1eros de trinchera en el dif\u00edcil arte de o\u00edr los toros, \u00e9stos por ser habituales y los otros por ser trashumantes y ejercitar su oficio en todas las afueras de todas las plazas de Espa\u00f1a.<\/span><\/p>\n<p class=\"MsoNormal\" style=\"margin: 0cm 0cm 0pt;\"><span style=\"font-family: &quot;Monotype Corsiva&quot;; font-size: 12pt;\"><span style=\"mso-tab-count: 1;\"><span class=\"frame-outer  alignleft size-medium wp-image-1149\"><span><span><span><span><a href=\"https:\/\/javiermanzano.es\/wp-content\/uploads\/2010\/03\/paula.jpg\"><img loading=\"lazy\" decoding=\"async\" class=\"alignleft size-medium wp-image-1149\" title=\"paula\" src=\"https:\/\/javiermanzano.es\/wp-content\/uploads\/2010\/03\/paula-300x200.jpg\" alt=\"paula\" width=\"300\" height=\"200\" srcset=\"https:\/\/javiermanzano.es\/wp-content\/uploads\/2010\/03\/paula-300x200.jpg 300w, https:\/\/javiermanzano.es\/wp-content\/uploads\/2010\/03\/paula.jpg 995w\" sizes=\"auto, (max-width: 300px) 100vw, 300px\" \/><\/a><\/span><\/span><\/span><\/span><\/span>\u00a0\u00a0\u00a0\u00a0\u00a0\u00a0\u00a0\u00a0\u00a0\u00a0\u00a0 <\/span>Son los arrabales de la torer\u00eda y est\u00e1n y se forman alrededor del c\u00edrculo de la gloria y de la muerte del que emana un vibrante chorro de sentimientos innatos, at\u00e1vicos, ancestrales. Sensaciones que unos absorben en el interior del m\u00e1gico cilindro, en los adentros, mientras otros las gozan exprimiendo sus entradas de pasillo a base de desarrollar al m\u00e1ximo la dif\u00edcil habilidad de ver los toros oyendo el toreo. Las afueras. <\/span><\/p>\n<p>\u00a0<\/p>\n\n\n\n","protected":false},"excerpt":{"rendered":"<p>\u00a1Qu\u00e9 derroche de papanatismo! \u00a1Cu\u00e1nta casposidad! \u00a1Qu\u00e9 af\u00e1n por regularlo todo! \u00a1Qu\u00e9 hipocres\u00eda! \u00a1Qu\u00e9 lamentable! \u00a1PROHIBIDO PROHIBIR! \u00a1Que cada cual haga lo que le d\u00e9 la\u00a0gana! \u00abToros s\u00ed-Toros no\u00bb es la quintaesencia del debate imposible: no hay espacio ni siquiera resquicio para la intersecci\u00f3n de pareceres. Y es por ello precisamente que debe ser un [&hellip;]<\/p>\n","protected":false},"author":3,"featured_media":0,"comment_status":"open","ping_status":"open","sticky":false,"template":"","format":"standard","meta":{"footnotes":""},"categories":[1],"tags":[343,344,204,346,345,342],"class_list":["post-1142","post","type-post","status-publish","format-standard","hentry","category-politica","tag-antonete","tag-curro-romero","tag-libertad","tag-prohibir","tag-rafael-de-paula","tag-toros"],"aioseo_notices":[],"_links":{"self":[{"href":"https:\/\/javiermanzano.es\/index.php?rest_route=\/wp\/v2\/posts\/1142","targetHints":{"allow":["GET"]}}],"collection":[{"href":"https:\/\/javiermanzano.es\/index.php?rest_route=\/wp\/v2\/posts"}],"about":[{"href":"https:\/\/javiermanzano.es\/index.php?rest_route=\/wp\/v2\/types\/post"}],"author":[{"embeddable":true,"href":"https:\/\/javiermanzano.es\/index.php?rest_route=\/wp\/v2\/users\/3"}],"replies":[{"embeddable":true,"href":"https:\/\/javiermanzano.es\/index.php?rest_route=%2Fwp%2Fv2%2Fcomments&post=1142"}],"version-history":[{"count":14,"href":"https:\/\/javiermanzano.es\/index.php?rest_route=\/wp\/v2\/posts\/1142\/revisions"}],"predecessor-version":[{"id":1162,"href":"https:\/\/javiermanzano.es\/index.php?rest_route=\/wp\/v2\/posts\/1142\/revisions\/1162"}],"wp:attachment":[{"href":"https:\/\/javiermanzano.es\/index.php?rest_route=%2Fwp%2Fv2%2Fmedia&parent=1142"}],"wp:term":[{"taxonomy":"category","embeddable":true,"href":"https:\/\/javiermanzano.es\/index.php?rest_route=%2Fwp%2Fv2%2Fcategories&post=1142"},{"taxonomy":"post_tag","embeddable":true,"href":"https:\/\/javiermanzano.es\/index.php?rest_route=%2Fwp%2Fv2%2Ftags&post=1142"}],"curies":[{"name":"wp","href":"https:\/\/api.w.org\/{rel}","templated":true}]}}